{"id":10047,"date":"2019-12-17T08:33:10","date_gmt":"2019-12-17T07:33:10","guid":{"rendered":"https:\/\/mega-stoffel.de\/weblog\/?p=10047"},"modified":"2019-12-18T12:56:04","modified_gmt":"2019-12-18T11:56:04","slug":"eine-millionen-radfahrerinnen","status":"publish","type":"post","link":"https:\/\/mega-stoffel.de\/weblog\/2019\/12\/17\/eine-millionen-radfahrerinnen\/","title":{"rendered":"eine Millionen Radfahrer:innen"},"content":{"rendered":"<p><strong>Update<\/strong> weiter unten, sie ist gefunden! \ud83d\ude42<\/p>\n<p>In Stuttgart gibt es zwei <a href=\"https:\/\/www.stuttgart.de\/fahrradzaehlstellen\" target=\"_blank\" rel=\"noopener noreferrer\">Z\u00e4hlstellen<\/a>, die die Fahrradfahrer:innen z\u00e4hlen.<br \/>\nIm letzten Jahr wurden an der Frequentierteren 990.866 gez\u00e4hlt.<br \/>\nVor ein paar Wochen ist mir aufgefallen, dass dieses Jahr durchaus die in unserem Dezimalsystem <strong>magische Zahl<\/strong> von 1.000.000 geknackt werden k\u00f6nnte. Also habe ich immer mal wieder einen Blick auf die <a href=\"http:\/\/www.eco-public.com\/ParcPublic\/?id=607#\" target=\"_blank\" rel=\"noopener noreferrer\">Seite<\/a> mit den nicht-so-ganz-live-Daten geworfen, aber letzte Nacht selbst nach 2:00 keinen aktuellen Stand mehr gesehen.<br \/>\nHeute fr\u00fch um 07:18 ging dann mein Telefon &#8211; bis ich das jedoch im Tiefschlaf soweit verstanden habe, dass ich rangehen konnte, war es nat\u00fcrlich schon zu sp\u00e4t. Eine Minute sp\u00e4ter, als ich halbwegs wach war, dann eine SMS: &#8222;Es fehlen noch 670, ich fahre jetzt los!&#8220;<\/p>\n<figure id=\"attachment_10056\" aria-describedby=\"caption-attachment-10056\" style=\"width: 482px\" class=\"wp-caption alignnone\"><img loading=\"lazy\" decoding=\"async\" class=\"size-full wp-image-10056\" src=\"https:\/\/mega-stoffel.de\/weblog\/wp-content\/uploads\/2019\/12\/1mio_00.png\" alt=\"Screenshot von stuttgart.de\" width=\"482\" height=\"245\" srcset=\"https:\/\/mega-stoffel.de\/weblog\/wp-content\/uploads\/2019\/12\/1mio_00.png 482w, https:\/\/mega-stoffel.de\/weblog\/wp-content\/uploads\/2019\/12\/1mio_00-300x152.png 300w\" sizes=\"auto, (max-width: 482px) 100vw, 482px\" \/><figcaption id=\"caption-attachment-10056\" class=\"wp-caption-text\">Screenshot von stuttgart.de<\/figcaption><\/figure>\n<p>Pl\u00f6tzlich hellwach \u00fcberlegte ich mir noch schnell, was ich jetzt auf die Schnelle organisieren k\u00f6nnte. Ich packte meine Kamera ein, Banner vom Radentscheid und Zweirat, ADFC-Logos und den Rucksack-\u00dcberzieher mit der 1,5m Abstandskampagne der Stadt. Mit den nicht vollen Akkus des Lastenrades, der Musikanlage und der Kamera eilte ich runter und packte alles zusammen.<br \/>\nUm 7:38 war ich dann auf dem Rad unterwegs und kam einundzwanzig Minuten sp\u00e4ter an der Z\u00e4hlstelle an: auf dem Z\u00e4hler stand 502. Gl\u00fcck gehabt, noch nicht zu sp\u00e4t!<\/p>\n<p>Ich packte die Kamera aus, h\u00e4ngte die Banner, Logos und den Rucksack auf und wartete.<br \/>\n<img loading=\"lazy\" decoding=\"async\" class=\"alignnone size-full wp-image-10048\" src=\"https:\/\/mega-stoffel.de\/weblog\/wp-content\/uploads\/2019\/12\/1mio_01.jpg\" alt=\"eine Millionen Radfahrer:innen!\" width=\"1000\" height=\"538\" srcset=\"https:\/\/mega-stoffel.de\/weblog\/wp-content\/uploads\/2019\/12\/1mio_01.jpg 1000w, https:\/\/mega-stoffel.de\/weblog\/wp-content\/uploads\/2019\/12\/1mio_01-300x161.jpg 300w, https:\/\/mega-stoffel.de\/weblog\/wp-content\/uploads\/2019\/12\/1mio_01-768x413.jpg 768w, https:\/\/mega-stoffel.de\/weblog\/wp-content\/uploads\/2019\/12\/1mio_01-624x336.jpg 624w\" sizes=\"auto, (max-width: 1000px) 100vw, 1000px\" \/>Tobias kam kurz darauf auch noch an und wir warteten eben zusammen. Die Spannung stieg und der Z\u00e4hler kletterte immer n\u00e4her an die heute relevante Zahl <strong>670<\/strong>.<br \/>\nDas Bild ist \u00fcbrigens tats\u00e4chlich von heute und dieser Radler war nicht der Einzige in kurzen Hosen! Dass es gerade noch nicht winterlich kalt ist, ist klar. Aber f\u00fcr kurze Hosen w\u00e4re es mir doch deutlich zu kalt.<br \/>\nUnd ein Velomobil ist auch vorbei gefahren.<br \/>\n<a href=\"https:\/\/mega-stoffel.de\/weblog\/wp-content\/uploads\/2019\/12\/1mio_02.jpg\"><img loading=\"lazy\" decoding=\"async\" class=\"alignnone wp-image-10049 size-full\" src=\"https:\/\/mega-stoffel.de\/weblog\/wp-content\/uploads\/2019\/12\/1mio_02.jpg\" alt=\"eine Millionen Radfahrer:innen!\" width=\"1000\" height=\"479\" srcset=\"https:\/\/mega-stoffel.de\/weblog\/wp-content\/uploads\/2019\/12\/1mio_02.jpg 1000w, https:\/\/mega-stoffel.de\/weblog\/wp-content\/uploads\/2019\/12\/1mio_02-300x144.jpg 300w, https:\/\/mega-stoffel.de\/weblog\/wp-content\/uploads\/2019\/12\/1mio_02-768x368.jpg 768w, https:\/\/mega-stoffel.de\/weblog\/wp-content\/uploads\/2019\/12\/1mio_02-624x299.jpg 624w\" sizes=\"auto, (max-width: 1000px) 100vw, 1000px\" \/><\/a><br \/>\nTeilweise kamen ganze Pulks von Radfahrenden an, hier und da dr\u00fcckte ich mal wieder ab; immer das gelbe &#8222;Wir glauben an das Fahrrad&#8220;-Banner vom Zweirat und das Radentscheid-Stuttgart-Banner im Hintergrund.<br \/>\n<img loading=\"lazy\" decoding=\"async\" class=\"alignnone size-full wp-image-10050\" src=\"https:\/\/mega-stoffel.de\/weblog\/wp-content\/uploads\/2019\/12\/1mio_03.jpg\" alt=\"eine Millionen Radfahrer:innen!\" width=\"1000\" height=\"637\" srcset=\"https:\/\/mega-stoffel.de\/weblog\/wp-content\/uploads\/2019\/12\/1mio_03.jpg 1000w, https:\/\/mega-stoffel.de\/weblog\/wp-content\/uploads\/2019\/12\/1mio_03-300x191.jpg 300w, https:\/\/mega-stoffel.de\/weblog\/wp-content\/uploads\/2019\/12\/1mio_03-768x489.jpg 768w, https:\/\/mega-stoffel.de\/weblog\/wp-content\/uploads\/2019\/12\/1mio_03-624x397.jpg 624w\" sizes=\"auto, (max-width: 1000px) 100vw, 1000px\" \/><br \/>\nGegen 8:30 schaltete ich auf der Anlage dann &#8222;We are the Champions&#8220; ein und um 8:33 war es dann soweit: Der Z\u00e4hler sprang auf 670!<br \/>\nEine Dame mit einem silbernen Kettler-Alurad und gr\u00fcnen Schutzblechen hat den Z\u00e4hler auf die Millionen gesetzt! Ohne genaueren Plan, was wir jetzt mit der Situation machen sollten kuckten wir uns bedr\u00f6ppelt an, begl\u00fcckw\u00fcnschten sie zu ihrer &#8222;Leistung&#8220; und dann fuhr sie schon weiter.<a href=\"https:\/\/mega-stoffel.de\/weblog\/wp-content\/uploads\/2019\/12\/1mio_04.jpg\"><img loading=\"lazy\" decoding=\"async\" class=\"alignnone wp-image-10051 size-full\" src=\"https:\/\/mega-stoffel.de\/weblog\/wp-content\/uploads\/2019\/12\/1mio_04.jpg\" alt=\"eine Millionen Radfahrer:innen!\" width=\"1000\" height=\"625\" srcset=\"https:\/\/mega-stoffel.de\/weblog\/wp-content\/uploads\/2019\/12\/1mio_04.jpg 1000w, https:\/\/mega-stoffel.de\/weblog\/wp-content\/uploads\/2019\/12\/1mio_04-300x188.jpg 300w, https:\/\/mega-stoffel.de\/weblog\/wp-content\/uploads\/2019\/12\/1mio_04-768x480.jpg 768w, https:\/\/mega-stoffel.de\/weblog\/wp-content\/uploads\/2019\/12\/1mio_04-624x390.jpg 624w\" sizes=\"auto, (max-width: 1000px) 100vw, 1000px\" \/><\/a><\/p>\n<p>Inzwischen gibt es auch noch einen &#8222;Videobeweis&#8220; der einmillionsten Durchfahrt und wir m\u00fcssen feststellen, dass es tats\u00e4chlich jemand anderes war. Zu zweit da zu stehen und mit anderen Radfahrer:innen und auch Fu\u00dfg\u00e4nger:innen zu reden und gleichzeitig irgendwie noch diesen historischen Moment einzufangen war etwas herausfordernd.<br \/>\nUnter dem Twitter-Account vom <a href=\"https:\/\/twitter.com\/adfc_stuttgart\/status\/1207013262891634691\" target=\"_blank\" rel=\"noopener noreferrer\">ADFC Stuttgart<\/a> ist ein Foto aus dem Video ver\u00f6ffentlicht &#8211; und daraufhin hat sich sogar auch die Fahrerin <a href=\"https:\/\/twitter.com\/paulineRitter\/status\/1207031975896395781\" target=\"_blank\" rel=\"noopener noreferrer\">gemeldet<\/a>:<\/p>\n<figure id=\"attachment_10060\" aria-describedby=\"caption-attachment-10060\" style=\"width: 625px\" class=\"wp-caption alignnone\"><a href=\"https:\/\/mega-stoffel.de\/weblog\/wp-content\/uploads\/2019\/12\/Videobeweis.jpg\"><img loading=\"lazy\" decoding=\"async\" class=\"wp-image-10060 size-large\" src=\"https:\/\/mega-stoffel.de\/weblog\/wp-content\/uploads\/2019\/12\/Videobeweis-1024x529.jpg\" alt=\"Videobeweis der millionsten Durchfahrt\" width=\"625\" height=\"323\" srcset=\"https:\/\/mega-stoffel.de\/weblog\/wp-content\/uploads\/2019\/12\/Videobeweis-1024x529.jpg 1024w, https:\/\/mega-stoffel.de\/weblog\/wp-content\/uploads\/2019\/12\/Videobeweis-300x155.jpg 300w, https:\/\/mega-stoffel.de\/weblog\/wp-content\/uploads\/2019\/12\/Videobeweis-768x397.jpg 768w, https:\/\/mega-stoffel.de\/weblog\/wp-content\/uploads\/2019\/12\/Videobeweis-1536x793.jpg 1536w, https:\/\/mega-stoffel.de\/weblog\/wp-content\/uploads\/2019\/12\/Videobeweis-624x322.jpg 624w, https:\/\/mega-stoffel.de\/weblog\/wp-content\/uploads\/2019\/12\/Videobeweis.jpg 1650w\" sizes=\"auto, (max-width: 625px) 100vw, 625px\" \/><\/a><figcaption id=\"caption-attachment-10060\" class=\"wp-caption-text\">Videobeweis der millionsten Durchfahrt<\/figcaption><\/figure>\n<p>Nat\u00fcrlich hat es danach nicht aufgeh\u00f6rt, der (vermutliche) Pendlerstrom riss nicht ab und es fuhren weiterhin Radfahrer:innen vorbei.<br \/>\n<img loading=\"lazy\" decoding=\"async\" class=\"alignnone size-full wp-image-10052\" src=\"https:\/\/mega-stoffel.de\/weblog\/wp-content\/uploads\/2019\/12\/1mio_05.jpg\" alt=\"eine Millionen Radfahrer:innen!\" width=\"1000\" height=\"603\" srcset=\"https:\/\/mega-stoffel.de\/weblog\/wp-content\/uploads\/2019\/12\/1mio_05.jpg 1000w, https:\/\/mega-stoffel.de\/weblog\/wp-content\/uploads\/2019\/12\/1mio_05-300x181.jpg 300w, https:\/\/mega-stoffel.de\/weblog\/wp-content\/uploads\/2019\/12\/1mio_05-768x463.jpg 768w, https:\/\/mega-stoffel.de\/weblog\/wp-content\/uploads\/2019\/12\/1mio_05-624x376.jpg 624w\" sizes=\"auto, (max-width: 1000px) 100vw, 1000px\" \/><\/p>\n<p>Nat\u00fcrlich ist dies ein sch\u00f6nes Zeichen, aber bei dieser Gelegenheit muss auch Kritik ge\u00e4u\u00dfert werden. Nicht nur, dass die Beschilderung an dieser Stelle etwas verwirrend ist. Das kennen wir Radfahrer:innen ja schon zu gen\u00fcge, dass der Radverkehr nie so richtig ernst genommen wird.<br \/>\nAuch ist diese Strecke bereits seit Jahren ein schlechter Kompromiss. Man sieht ganz gut, dass es dort einfach<em> viel zu eng<\/em> ist. \u00dcberholen ist dort \u00fcberhaupt nicht m\u00f6glich, weil man in der Kurve etwas mehr Platz braucht und man auch schlecht sehen kann. Bei entgegenkommenden Radler:innen, vor allem bei Lastenr\u00e4dern oder mit (Kinder-) Anh\u00e4ngern wird es dort schon sehr eng!<br \/>\n<img loading=\"lazy\" decoding=\"async\" class=\"alignnone size-full wp-image-10053\" src=\"https:\/\/mega-stoffel.de\/weblog\/wp-content\/uploads\/2019\/12\/1mio_06.jpg\" alt=\"eine Millionen Radfahrer:innen!\" width=\"1000\" height=\"709\" srcset=\"https:\/\/mega-stoffel.de\/weblog\/wp-content\/uploads\/2019\/12\/1mio_06.jpg 1000w, https:\/\/mega-stoffel.de\/weblog\/wp-content\/uploads\/2019\/12\/1mio_06-300x213.jpg 300w, https:\/\/mega-stoffel.de\/weblog\/wp-content\/uploads\/2019\/12\/1mio_06-768x545.jpg 768w, https:\/\/mega-stoffel.de\/weblog\/wp-content\/uploads\/2019\/12\/1mio_06-624x442.jpg 624w\" sizes=\"auto, (max-width: 1000px) 100vw, 1000px\" \/><\/p>\n<p>Auch die Zahl &#8222;<em>eine Millionen<\/em>&#8220; k\u00f6nnte man etwas kritisch betrachten. Bereits im letzten Jahr hatte man vermutet, dass die Millionen bereits erreicht worden ist, jedoch die Z\u00e4hlstelle f\u00fcr einige Tage defekt war und \u00fcberhaupt nichts z\u00e4hlte. (Leider finde ich diese Diskussion dazu nicht mehr.)<br \/>\nDa jetzt etwa 15.000 Fahrten pro Woche gez\u00e4hlt werden, wird es somit eine minimale Steigerung von vielleicht 2-4% der Radfahrenden dort geben.<br \/>\nAuch wenn man sich die <a href=\"http:\/\/www.eco-public.com\/public2\/?id=100037170\" target=\"_blank\" rel=\"noopener noreferrer\">detaillierten Zahlen<\/a> dieser Z\u00e4hlstelle seit Beginn anschaut, macht es nicht den Eindruck, dass dort ein rasanter Anstieg der Durchfahrten bemerkbar ist. Die Stadt h\u00e4tte gerne einen Radverkehrsanteil von 25%, also eine verdrei-\/vervier-\/verf\u00fcnffachung des Wertes von 2012. Wenn ich jedoch stichprobenhaft den Wert von August 2012 (92.148) mit dem vom August 2019 (114.079) vergleiche, komme auf eine Steigerung von nur 23% in sieben Jahren.<br \/>\nViele Leute w\u00fcrden ja gerne mit dem Rad fahren &#8211; aber sie brauchen daf\u00fcr sichere und gute Angebote! Solange die Stadt immer mal wieder die Fahrradstra\u00dfe als Umleitung einer zweispurigen Bundesstra\u00dfe benutzt, sich fast ein Jahr mit einer 350m langen\/kurzen und nicht besonders effektiven Fahrradstra\u00dfe besch\u00e4ftigt und in den letzten zwei Jahren gerade mal 2,5km neue Radstrecken (was auch immer das wieder sein soll?! Hier die <a href=\"https:\/\/www.stuttgarter-zeitung.de\/inhalt.radverkehr-waechst-rasant-stuttgarts-radler-auf-rekordkurs.4696edef-23e6-44d1-8f38-7ae846bed1f2.html\" target=\"_blank\" rel=\"noopener noreferrer\">Quelle<\/a>) erstellt hat, werden nur sehr wenige der gro\u00dfen <a href=\"https:\/\/nationaler-radverkehrsplan.de\/de\/forschung\/schwerpunktthemen\/subjektive-sicherheit-im-radverkehr\" target=\"_blank\" rel=\"noopener noreferrer\">Gruppe<\/a> der &#8222;Interessierten&#8220; umsteigen. Die &#8222;Furchtlosen&#8220; und &#8222;Gewohnheitsfahrer&#8220; sind jetzt schon unterwegs &#8211; ganz egal, was die Stadt im Bezug auf den Radverkehr (nicht) macht. Diese Phantasiezahl der &#8222;180km Radwege&#8220;, die von der Stadt Stuttgart immer wieder genannt wird, wurden im Zuge des Radentscheids schon mal <a href=\"https:\/\/dasfahrradblog.blogspot.com\/2018\/01\/so-siehts-aus-stutttgarter.html\" target=\"_blank\" rel=\"noopener noreferrer\">entzaubert<\/a>. Bei einem Stra\u00dfennetz von etwa 1.500km gibt es in Stuttgart lediglich acht (8!) Kilometer richtige Radwege!<\/p>\n<p>Wir haben auch beim Beobachten des Z\u00e4hlers bemerkt, dass dort mitnichten jede Durchfahrt gez\u00e4hlt wird. Diese Beobachtung haben schon viele gemacht, wie man immer wieder lesen kann. Eines Tages k\u00f6nnte man sich vielleicht mal eine Stunde mit einer Kamera hinstellen und diese Vermutung mit Zahlen belegen.<\/p>\n<p>Dass der weitere Verlauf in beide Richtungen von dieser Z\u00e4hlstelle verbesserungsw\u00fcrdig ist, wei\u00df auch jede:r Radler:in. In Richtung Bad Cannstatt wird man nach einer weiteren Bettelampel direkt zwischen parkende und zweispurig fahrende Autos entlassen, vor denen man an der Stelle noch mit einer Betonwand gesch\u00fctzt wird; in der anderen Richtung landet man nach ziemlich unebener und kurviger Strecke im Park zwischen den Fu\u00dfg\u00e4nger:innen. Just heute auf der R\u00fcckfahrt stand 200m hinter der Z\u00e4hlstelle ein Lastenradfahrer und hat probiert Scherben von der Radspur zu entfernen.<\/p>\n<p>Zuletzt fragt man sich als IT-affiner Mensch, wieso die Daten der Z\u00e4hlstelle eigentlich nicht als <em>Open Data<\/em>, also als<em> offene Daten<\/em> vorliegen, mit denen jede:r rumspielen kann, Apps entwickeln, Grafiken und Verl\u00e4ufe erstellen kann, und so weiter. Wenn die Daten erst mal frei verf\u00fcgbar w\u00e4ren, werden sie bestimmt auch sinnvoll verwendet.<\/p>\n<p>Kurz bevor ich wieder zuhause war, war mein Lastenrad-Akku dann leer und ich musste mit dem beladenen Rad nun nicht nur ohne Unterst\u00fctzung durch die Stadt, sondern auch noch v\u00f6llig ohne Motorunterst\u00fctzung den letzten Kilometer leicht bergauf fahren.<\/p>\n","protected":false},"excerpt":{"rendered":"<p>Update weiter unten, sie ist gefunden! \ud83d\ude42 In Stuttgart gibt es zwei Z\u00e4hlstellen, die die Fahrradfahrer:innen z\u00e4hlen. Im letzten Jahr wurden an der Frequentierteren 990.866 gez\u00e4hlt. Vor ein paar Wochen ist mir aufgefallen, dass dieses Jahr durchaus die in unserem Dezimalsystem magische Zahl von 1.000.000 geknackt werden k\u00f6nnte. Also habe ich immer mal wieder einen [&hellip;]<\/p>\n","protected":false},"author":1,"featured_media":10051,"comment_status":"open","ping_status":"open","sticky":false,"template":"","format":"standard","meta":{"activitypub_content_warning":"","activitypub_content_visibility":"","activitypub_max_image_attachments":4,"activitypub_interaction_policy_quote":"anyone","activitypub_status":"","footnotes":""},"categories":[3,66],"tags":[],"class_list":["post-10047","post","type-post","status-publish","format-standard","has-post-thumbnail","hentry","category-allgemein","category-fahrradstadt"],"_links":{"self":[{"href":"https:\/\/mega-stoffel.de\/weblog\/wp-json\/wp\/v2\/posts\/10047","targetHints":{"allow":["GET"]}}],"collection":[{"href":"https:\/\/mega-stoffel.de\/weblog\/wp-json\/wp\/v2\/posts"}],"about":[{"href":"https:\/\/mega-stoffel.de\/weblog\/wp-json\/wp\/v2\/types\/post"}],"author":[{"embeddable":true,"href":"https:\/\/mega-stoffel.de\/weblog\/wp-json\/wp\/v2\/users\/1"}],"replies":[{"embeddable":true,"href":"https:\/\/mega-stoffel.de\/weblog\/wp-json\/wp\/v2\/comments?post=10047"}],"version-history":[{"count":9,"href":"https:\/\/mega-stoffel.de\/weblog\/wp-json\/wp\/v2\/posts\/10047\/revisions"}],"predecessor-version":[{"id":10065,"href":"https:\/\/mega-stoffel.de\/weblog\/wp-json\/wp\/v2\/posts\/10047\/revisions\/10065"}],"wp:featuredmedia":[{"embeddable":true,"href":"https:\/\/mega-stoffel.de\/weblog\/wp-json\/wp\/v2\/media\/10051"}],"wp:attachment":[{"href":"https:\/\/mega-stoffel.de\/weblog\/wp-json\/wp\/v2\/media?parent=10047"}],"wp:term":[{"taxonomy":"category","embeddable":true,"href":"https:\/\/mega-stoffel.de\/weblog\/wp-json\/wp\/v2\/categories?post=10047"},{"taxonomy":"post_tag","embeddable":true,"href":"https:\/\/mega-stoffel.de\/weblog\/wp-json\/wp\/v2\/tags?post=10047"}],"curies":[{"name":"wp","href":"https:\/\/api.w.org\/{rel}","templated":true}]}}