{"id":10123,"date":"2020-01-28T12:30:49","date_gmt":"2020-01-28T11:30:49","guid":{"rendered":"https:\/\/mega-stoffel.de\/weblog\/?p=10123"},"modified":"2020-02-12T22:29:06","modified_gmt":"2020-02-12T21:29:06","slug":"berlin-2","status":"publish","type":"post","link":"https:\/\/mega-stoffel.de\/weblog\/2020\/01\/28\/berlin-2\/","title":{"rendered":"Berlin"},"content":{"rendered":"<p>Berlin hat schon irgendwas. Dieses Wochende eben das Sechstagerennen, die SixDays.<br \/>\nIch habe noch rechtzeitig einen Zug gebucht. Gut ist ja, dass diese Flixtrains auch auf der Bahn-Seite angezeigt werden, dass man blo\u00df nicht vergisst, die g\u00fcnstigere Alternative zu buchen. In meinem Fall hatte ich die Hinfahrt f\u00fcr 8,99\u20ac bekommen.<br \/>\nWas nicht so gut ist: Man muss halt schon um 07:04 am Bahnhof sein &#8211; was mir als &#8222;<strong>Team Zweistellig<\/strong>[e Uhrzeiten]&#8220; doch nicht ganz einfach f\u00e4llt. Da ist es auch egal, dass man danach noch ausgiebige Nickerchen im Zug machen kann.<br \/>\n<img loading=\"lazy\" decoding=\"async\" class=\"alignnone size-full wp-image-10122\" src=\"https:\/\/mega-stoffel.de\/weblog\/wp-content\/uploads\/2020\/02\/Berlin_01.jpg\" alt=\"Berlin-Ausflug\" width=\"1000\" height=\"738\" srcset=\"https:\/\/mega-stoffel.de\/weblog\/wp-content\/uploads\/2020\/02\/Berlin_01.jpg 1000w, https:\/\/mega-stoffel.de\/weblog\/wp-content\/uploads\/2020\/02\/Berlin_01-300x221.jpg 300w, https:\/\/mega-stoffel.de\/weblog\/wp-content\/uploads\/2020\/02\/Berlin_01-768x567.jpg 768w, https:\/\/mega-stoffel.de\/weblog\/wp-content\/uploads\/2020\/02\/Berlin_01-624x461.jpg 624w\" sizes=\"auto, (max-width: 1000px) 100vw, 1000px\" \/><br \/>\nDie Aussicht am fast durchgehenden nebeligen Reisetag war v\u00f6llig zu vernachl\u00e4ssigen. Hier z.B. die Kohl&#8217;schen bl\u00fchenden Landschaften. F\u00fcr Januar bestimmt schon\/noch sehr gr\u00fcn.<br \/>\n<img loading=\"lazy\" decoding=\"async\" class=\"alignnone size-full wp-image-10121\" src=\"https:\/\/mega-stoffel.de\/weblog\/wp-content\/uploads\/2020\/02\/Berlin_02.jpg\" alt=\"Berlin-Ausflug\" width=\"1000\" height=\"506\" srcset=\"https:\/\/mega-stoffel.de\/weblog\/wp-content\/uploads\/2020\/02\/Berlin_02.jpg 1000w, https:\/\/mega-stoffel.de\/weblog\/wp-content\/uploads\/2020\/02\/Berlin_02-300x152.jpg 300w, https:\/\/mega-stoffel.de\/weblog\/wp-content\/uploads\/2020\/02\/Berlin_02-768x389.jpg 768w, https:\/\/mega-stoffel.de\/weblog\/wp-content\/uploads\/2020\/02\/Berlin_02-624x316.jpg 624w\" sizes=\"auto, (max-width: 1000px) 100vw, 1000px\" \/><br \/>\nDen einen Abend bin ich ein bisschen mit der mit Kamera rumspaziert und habe versucht, ein paar Bilder zu machen. So richtig motiviert war ich aber nicht und als ich dann zuf\u00e4llig auf einen bekannten Musiker aus Stuttgart traf, nahm ich das als gute Ausrede, mich ihm ein bisschen anzuschlie\u00dfen und das Fotografieren sein zu lassen. Danach kam mir das Bosse-Lied <a href=\"https:\/\/www.youtube.com\/watch?v=Gixv6H1kMHQ\" target=\"_blank\" rel=\"noopener noreferrer\">3 Millionen<\/a> in den Sinn, das ja ein bisschen das Thema &#8222;jemanden in Berlin treffen&#8220; aufgreift.<br \/>\nDas einzige halbwegs vern\u00fcnftige Foto beim Spaziergang ist dieses hier geworden, auf dem der Berliner Fernsehturm langsam im Nebel verschwindet.<br \/>\n<a href=\"https:\/\/mega-stoffel.de\/weblog\/wp-content\/uploads\/2020\/02\/Berlin_13.jpg\"><img loading=\"lazy\" decoding=\"async\" class=\"alignnone wp-image-10110 size-full\" src=\"https:\/\/mega-stoffel.de\/weblog\/wp-content\/uploads\/2020\/02\/Berlin_13.jpg\" alt=\"Berlin-Ausflug\" width=\"1000\" height=\"599\" srcset=\"https:\/\/mega-stoffel.de\/weblog\/wp-content\/uploads\/2020\/02\/Berlin_13.jpg 1000w, https:\/\/mega-stoffel.de\/weblog\/wp-content\/uploads\/2020\/02\/Berlin_13-300x180.jpg 300w, https:\/\/mega-stoffel.de\/weblog\/wp-content\/uploads\/2020\/02\/Berlin_13-768x460.jpg 768w, https:\/\/mega-stoffel.de\/weblog\/wp-content\/uploads\/2020\/02\/Berlin_13-624x374.jpg 624w\" sizes=\"auto, (max-width: 1000px) 100vw, 1000px\" \/><\/a><br \/>\n<!--more--><br \/>\nDann geht&#8217;s weiter zum Checkpoint Charlie und ich stehe <a href=\"https:\/\/mega-stoffel.de\/weblog\/2018\/06\/06\/nach-hamburg\/\" target=\"_blank\" rel=\"noopener noreferrer\">mal wieder<\/a> vor einem Grenzpfahl.<br \/>\n<img loading=\"lazy\" decoding=\"async\" class=\"alignnone size-full wp-image-10119\" src=\"https:\/\/mega-stoffel.de\/weblog\/wp-content\/uploads\/2020\/02\/Berlin_04.jpg\" alt=\"Berlin-Ausflug\" width=\"760\" height=\"1000\" srcset=\"https:\/\/mega-stoffel.de\/weblog\/wp-content\/uploads\/2020\/02\/Berlin_04.jpg 760w, https:\/\/mega-stoffel.de\/weblog\/wp-content\/uploads\/2020\/02\/Berlin_04-228x300.jpg 228w, https:\/\/mega-stoffel.de\/weblog\/wp-content\/uploads\/2020\/02\/Berlin_04-624x821.jpg 624w\" sizes=\"auto, (max-width: 760px) 100vw, 760px\" \/><br \/>\nZuf\u00e4llig habe ich noch mitbekommen, dass in Berlin auch die feierliche &#8222;Er\u00f6ffnung&#8220; des <a href=\"https:\/\/www.freiraumwunder.de\/\" target=\"_blank\" rel=\"noopener noreferrer\">Freiraumwunders<\/a> an genau diesem Wochenende ist. Dies ist eine Kopie des Stuttgarter &#8222;Das kleine Parkraumwunder&#8220; (nur auf <a href=\"https:\/\/www.facebook.com\/DasKleineParkraumwunder\/\" target=\"_blank\" rel=\"noopener noreferrer\">facebook<\/a>). Ich habe noch mit dem Erfinder vom Parkraumwunder gesprochen eben abgemacht, dass wir uns dort treffen.<br \/>\nBis zur Veranstaltung treibe ich mich noch in Berlin rum, komme an dieser Ausstellung vorbei und bin auch noch zuf\u00e4llig bei der <a href=\"http:\/\/www.btk-fh.de\/de\/event\/abschlussausstellung-berlin-012020\/\" target=\"_blank\" rel=\"noopener noreferrer\">Abschluss-Ausstellung<\/a> der University of Applied Sciences Berlin vorbei. Leider habe ich fast gar keine Zeit mehr, daher hetze ich quasi nur einmal dort durch, \u00fcberlege mir, ob ich das im n\u00e4chsten Jahr nicht mal als Grund f\u00fcr eine erneute Berlin- (oder Hamburg-) Reise und merke mir mal den <a href=\"http:\/\/www.abk-stuttgart.de\/aktuell\/veranstaltung\/2020\/02\/07\/e\/p\/c\/diplom-und-masterarbeiten-und-verleihung-des-werner-pokorny-preises.html\" target=\"_blank\" rel=\"noopener noreferrer\">Termin<\/a> f\u00fcr diese Ausstellung an der Stuttgarter Kunstakademie. Wer sowas noch nie angeschaut hat und ein bisschen interessiert ist, dem kann ich sowas nur empfehlen. In Stuttgart gibt es da auch von der HdM (nennt sich MediaNight) oder der Merz-Akademie (und bestimmt noch ein paar weitere).<br \/>\n<img loading=\"lazy\" decoding=\"async\" class=\"alignnone size-full wp-image-10118\" src=\"https:\/\/mega-stoffel.de\/weblog\/wp-content\/uploads\/2020\/02\/Berlin_05.jpg\" alt=\"Berlin-Ausflug\" width=\"717\" height=\"994\" srcset=\"https:\/\/mega-stoffel.de\/weblog\/wp-content\/uploads\/2020\/02\/Berlin_05.jpg 717w, https:\/\/mega-stoffel.de\/weblog\/wp-content\/uploads\/2020\/02\/Berlin_05-216x300.jpg 216w, https:\/\/mega-stoffel.de\/weblog\/wp-content\/uploads\/2020\/02\/Berlin_05-624x865.jpg 624w\" sizes=\"auto, (max-width: 717px) 100vw, 717px\" \/><br \/>\nDann gehts zum Freiraumwunder. Der Weg wurde schon von der S-Bahn-Station markiert.<br \/>\n<img loading=\"lazy\" decoding=\"async\" class=\"alignnone size-full wp-image-10117\" src=\"https:\/\/mega-stoffel.de\/weblog\/wp-content\/uploads\/2020\/02\/Berlin_06.jpg\" alt=\"Berlin-Ausflug\" width=\"1000\" height=\"677\" srcset=\"https:\/\/mega-stoffel.de\/weblog\/wp-content\/uploads\/2020\/02\/Berlin_06.jpg 1000w, https:\/\/mega-stoffel.de\/weblog\/wp-content\/uploads\/2020\/02\/Berlin_06-300x203.jpg 300w, https:\/\/mega-stoffel.de\/weblog\/wp-content\/uploads\/2020\/02\/Berlin_06-768x520.jpg 768w, https:\/\/mega-stoffel.de\/weblog\/wp-content\/uploads\/2020\/02\/Berlin_06-624x422.jpg 624w\" sizes=\"auto, (max-width: 1000px) 100vw, 1000px\" \/><br \/>\nDort angekommen (leicht zu sp\u00e4t, wie eben beschrieben), ist es schon gut besucht. Gerhard ist als \u00dcberraschungsgast angek\u00fcndigt und erz\u00e4hlt kurz noch die Geschichte des Stuttgarter Parkraumwunders (hinten links am Mikrofon). Denn wer sollte es besser k\u00f6nnen, als der Erfinder pers\u00f6nlich!<br \/>\n<img loading=\"lazy\" decoding=\"async\" class=\"alignnone size-full wp-image-10116\" src=\"https:\/\/mega-stoffel.de\/weblog\/wp-content\/uploads\/2020\/02\/Berlin_07.jpg\" alt=\"Berlin-Ausflug\" width=\"1000\" height=\"536\" srcset=\"https:\/\/mega-stoffel.de\/weblog\/wp-content\/uploads\/2020\/02\/Berlin_07.jpg 1000w, https:\/\/mega-stoffel.de\/weblog\/wp-content\/uploads\/2020\/02\/Berlin_07-300x161.jpg 300w, https:\/\/mega-stoffel.de\/weblog\/wp-content\/uploads\/2020\/02\/Berlin_07-768x412.jpg 768w, https:\/\/mega-stoffel.de\/weblog\/wp-content\/uploads\/2020\/02\/Berlin_07-624x334.jpg 624w\" sizes=\"auto, (max-width: 1000px) 100vw, 1000px\" \/><br \/>\nGenau am 75. Gedenktag der Auschwitz-Befreiung komme ich &#8211; mal wieder nur zuf\u00e4llig &#8211; an der Gedenkst\u00e4tte &#8222;Topografie des Terrors&#8220; vorbei. Rein gehe ich nicht, da war ich schon mal und bin heute gar nicht in der Stimmung dazu. Naja, eigentlich sollte man nie &#8222;in der Stimmung&#8220; sein, sich mit dem Thema zu besch\u00e4ftigen.<br \/>\n<img loading=\"lazy\" decoding=\"async\" class=\"alignnone size-full wp-image-10115\" src=\"https:\/\/mega-stoffel.de\/weblog\/wp-content\/uploads\/2020\/02\/Berlin_08.jpg\" alt=\"Berlin-Ausflug\" width=\"1000\" height=\"608\" srcset=\"https:\/\/mega-stoffel.de\/weblog\/wp-content\/uploads\/2020\/02\/Berlin_08.jpg 1000w, https:\/\/mega-stoffel.de\/weblog\/wp-content\/uploads\/2020\/02\/Berlin_08-300x182.jpg 300w, https:\/\/mega-stoffel.de\/weblog\/wp-content\/uploads\/2020\/02\/Berlin_08-768x467.jpg 768w, https:\/\/mega-stoffel.de\/weblog\/wp-content\/uploads\/2020\/02\/Berlin_08-624x379.jpg 624w\" sizes=\"auto, (max-width: 1000px) 100vw, 1000px\" \/><br \/>\nDann bin ich abends im Berliner Velodrom. Der Grund, warum ich diesmal nach Berlin gefahren bin. Schade, dass es ein solches Velodrom nicht hier irgendwo in Stuttgart gibt (ich wei\u00df nur, dass es in \u00d6schelbronn eins geben soll). Ich k\u00f6nnte mir gut vorstellen, da ab und zu mal rumzuballern &#8211; oder eben zu <em>kesseln<\/em>, wie wir hier sagen. Ich m\u00fcsste eben nur noch lernen, mit so einem Bahnrennrad mit starrer Achse zu fahren. Mein Fixie h\u00e4ngt seit einem Jahr mit nicht mal 100km auf dem Tacho im Container und ich schaffe es nicht, mich damit mal mehr zu besch\u00e4ftigen.<br \/>\nIch habe noch nie so ein Radrennen angeschaut und hatte von den verschiedenen Wettbewerben, die hier ausgetragen werden auch keine Ahnung. Anfangs sa\u00df ich noch recht hilflos da. Dann habe ich mal bisschen auf Wikipedia gelesen, wie denn die Regeln sind und dann konnte ich es auch ein bisschen verfolgen.<br \/>\n<img loading=\"lazy\" decoding=\"async\" class=\"alignnone size-full wp-image-10112\" src=\"https:\/\/mega-stoffel.de\/weblog\/wp-content\/uploads\/2020\/02\/Berlin_12.jpg\" alt=\"Berlin-Ausflug\" width=\"1000\" height=\"351\" srcset=\"https:\/\/mega-stoffel.de\/weblog\/wp-content\/uploads\/2020\/02\/Berlin_12.jpg 1000w, https:\/\/mega-stoffel.de\/weblog\/wp-content\/uploads\/2020\/02\/Berlin_12-300x105.jpg 300w, https:\/\/mega-stoffel.de\/weblog\/wp-content\/uploads\/2020\/02\/Berlin_12-768x270.jpg 768w, https:\/\/mega-stoffel.de\/weblog\/wp-content\/uploads\/2020\/02\/Berlin_12-624x219.jpg 624w\" sizes=\"auto, (max-width: 1000px) 100vw, 1000px\" \/><br \/>\nRein gekommen bin ich durch eine geschenkte Karte. Als ich am Velodrom ankam, ist gerade jemand aus der Halle gekommen, hat kurz gefragt, ob jemand eine Karte will, mit ihr gewedelt und war schon wieder auf dem Weg zur\u00fcck. Die Sicherheitsmitarbeiter haben ihn dann aufgehalten, als sie mein Interesse bemerkten, er gab mir die Karte und noch bevor ich &#8222;Hej &#8211; vielen Dank daf\u00fcr!&#8220; aussprechen konnte, war er schon wieder weg.<br \/>\nAnfangs, ab 17 Uhr, gab es ein paar Jugendrennen, bei denen ich schon etwas entt\u00e4uscht war, denn ich dachte, dass ich da bestimmt noch gut h\u00e4tte mithalten k\u00f6nnen. Aber gut: U15 und U17 &#8211; und die Frage ist ja auch noch, ob mich mein Eindruck da nicht sogar get\u00e4uscht hatte.<br \/>\n<img loading=\"lazy\" decoding=\"async\" class=\"alignnone size-full wp-image-10114\" src=\"https:\/\/mega-stoffel.de\/weblog\/wp-content\/uploads\/2020\/02\/Berlin_09.jpg\" alt=\"Berlin-Ausflug\" width=\"1000\" height=\"433\" srcset=\"https:\/\/mega-stoffel.de\/weblog\/wp-content\/uploads\/2020\/02\/Berlin_09.jpg 1000w, https:\/\/mega-stoffel.de\/weblog\/wp-content\/uploads\/2020\/02\/Berlin_09-300x130.jpg 300w, https:\/\/mega-stoffel.de\/weblog\/wp-content\/uploads\/2020\/02\/Berlin_09-768x333.jpg 768w, https:\/\/mega-stoffel.de\/weblog\/wp-content\/uploads\/2020\/02\/Berlin_09-624x270.jpg 624w\" sizes=\"auto, (max-width: 1000px) 100vw, 1000px\" \/><br \/>\nAls dann die Profis dran kamen und sowohl die Jungs als auch die M\u00e4dels mit weit \u00fcber 60km bis zu 90 Runden st\u00e4ndig in diesem 250m Rundkurs im Kreis rasten, wurde ich mit dem &#8222;mithalten&#8220; doch deutlich skeptischer. Erst recht im Mannschaftsrennen, wo sie sich gegenseitig \u00fcberrunden und dann mit einem Handschlag gegenseitig noch nach vorne katapultieren. Sehr faszinieren zum Anschauen. Der Moderator sagte einmal, dass es keine Sportler mehr sind, sondern Artisten auf zwei R\u00e4dern. Und die sind ja quasi den ganzen Abend so rum gefahren. Hier und da mal eine Pause, weil eben ein anderes Rennen ohne sie stattfand, aber dann wieder auf die Bahn, Vollgas! Wahnsinn.<br \/>\nDas Sprint-Rennen ist auch interessant. Es gewinnt, wer nach drei Runden zuerst \u00fcber die Ziellinie f\u00e4hrt. Davor sind gerne mal solche Spielchen, dass die Fahrer:innen alle \u00fcber Minuten am gleichen Platz stehen (nat\u00fcrlich mit den F\u00fc\u00dfen auf den Pedalen!) und nix passiert. Es scheint wohl ein Vorteil zu sein, nicht vorne zu sein um von hinten mit Taktik, \u00dcberblick und einem Attacke-Sprint das Rennen zu gewinnen.<br \/>\n<img loading=\"lazy\" decoding=\"async\" class=\"alignnone size-full wp-image-10113\" src=\"https:\/\/mega-stoffel.de\/weblog\/wp-content\/uploads\/2020\/02\/Berlin_10.jpg\" alt=\"Berlin-Ausflug\" width=\"1000\" height=\"488\" srcset=\"https:\/\/mega-stoffel.de\/weblog\/wp-content\/uploads\/2020\/02\/Berlin_10.jpg 1000w, https:\/\/mega-stoffel.de\/weblog\/wp-content\/uploads\/2020\/02\/Berlin_10-300x146.jpg 300w, https:\/\/mega-stoffel.de\/weblog\/wp-content\/uploads\/2020\/02\/Berlin_10-768x375.jpg 768w, https:\/\/mega-stoffel.de\/weblog\/wp-content\/uploads\/2020\/02\/Berlin_10-624x305.jpg 624w\" sizes=\"auto, (max-width: 1000px) 100vw, 1000px\" \/><br \/>\nAuch hier versuchte ich zu fotografieren, allerdings nur mit dem Handy. Dass das nix wird, war ja von vornerein klar.<br \/>\n<img loading=\"lazy\" decoding=\"async\" class=\"alignnone size-full wp-image-10111\" src=\"https:\/\/mega-stoffel.de\/weblog\/wp-content\/uploads\/2020\/02\/Berlin_11.jpg\" alt=\"Berlin-Ausflug\" width=\"1000\" height=\"551\" srcset=\"https:\/\/mega-stoffel.de\/weblog\/wp-content\/uploads\/2020\/02\/Berlin_11.jpg 1000w, https:\/\/mega-stoffel.de\/weblog\/wp-content\/uploads\/2020\/02\/Berlin_11-300x165.jpg 300w, https:\/\/mega-stoffel.de\/weblog\/wp-content\/uploads\/2020\/02\/Berlin_11-768x423.jpg 768w, https:\/\/mega-stoffel.de\/weblog\/wp-content\/uploads\/2020\/02\/Berlin_11-624x344.jpg 624w\" sizes=\"auto, (max-width: 1000px) 100vw, 1000px\" \/><br \/>\nGegen Mitternacht war die Veranstaltung erst vorbei. Am Schluss waren noch &#8222;Steher-Rennen&#8220;, wo die Radfahrer nur Zentimeter hinter Motorr\u00e4dern her rasen. Die ganze Halle stank nach Abgasen und es war laut. Den Reiz an diesem Typ Rennen habe ich gar nicht verstanden.<\/p>\n<p>Zur\u00fcck im Hostel habe ich noch die Bar begutachtet und \u00fcberlegt, wie ich wohl ein solches Velodrom nach Stuttgart bek\u00e4me. Der Plan mit dem Lotto-Jackpot klappt ja irgendwie nicht, dabei h\u00e4tte ich doch so gute Ideen, was ich mit dem Geld alles sinnvolles anstellen k\u00f6nnte.<br \/>\n<img loading=\"lazy\" decoding=\"async\" class=\"alignnone size-full wp-image-10120\" src=\"https:\/\/mega-stoffel.de\/weblog\/wp-content\/uploads\/2020\/02\/Berlin_03.jpg\" alt=\"Berlin-Ausflug\" width=\"1000\" height=\"359\" srcset=\"https:\/\/mega-stoffel.de\/weblog\/wp-content\/uploads\/2020\/02\/Berlin_03.jpg 1000w, https:\/\/mega-stoffel.de\/weblog\/wp-content\/uploads\/2020\/02\/Berlin_03-300x108.jpg 300w, https:\/\/mega-stoffel.de\/weblog\/wp-content\/uploads\/2020\/02\/Berlin_03-768x276.jpg 768w, https:\/\/mega-stoffel.de\/weblog\/wp-content\/uploads\/2020\/02\/Berlin_03-624x224.jpg 624w\" sizes=\"auto, (max-width: 1000px) 100vw, 1000px\" \/><br \/>\nUnd dann br\u00e4uchte ich ja auch andere Gr\u00fcnde, um nach Berlin zu fahren.<\/p>\n","protected":false},"excerpt":{"rendered":"<p>Berlin hat schon irgendwas. Dieses Wochende eben das Sechstagerennen, die SixDays. Ich habe noch rechtzeitig einen Zug gebucht. Gut ist ja, dass diese Flixtrains auch auf der Bahn-Seite angezeigt werden, dass man blo\u00df nicht vergisst, die g\u00fcnstigere Alternative zu buchen. In meinem Fall hatte ich die Hinfahrt f\u00fcr 8,99\u20ac bekommen. Was nicht so gut ist: [&hellip;]<\/p>\n","protected":false},"author":1,"featured_media":10112,"comment_status":"open","ping_status":"open","sticky":false,"template":"","format":"standard","meta":{"activitypub_content_warning":"","activitypub_content_visibility":"","activitypub_max_image_attachments":4,"activitypub_interaction_policy_quote":"anyone","activitypub_status":"","footnotes":""},"categories":[4,5,12],"tags":[123,121,124,122,120],"class_list":["post-10123","post","type-post","status-publish","format-standard","has-post-thumbnail","hentry","category-n-bild","category-gedanken","category-weltweit","tag-ausflug","tag-berlin","tag-kunst","tag-radrennen","tag-velodrom"],"_links":{"self":[{"href":"https:\/\/mega-stoffel.de\/weblog\/wp-json\/wp\/v2\/posts\/10123","targetHints":{"allow":["GET"]}}],"collection":[{"href":"https:\/\/mega-stoffel.de\/weblog\/wp-json\/wp\/v2\/posts"}],"about":[{"href":"https:\/\/mega-stoffel.de\/weblog\/wp-json\/wp\/v2\/types\/post"}],"author":[{"embeddable":true,"href":"https:\/\/mega-stoffel.de\/weblog\/wp-json\/wp\/v2\/users\/1"}],"replies":[{"embeddable":true,"href":"https:\/\/mega-stoffel.de\/weblog\/wp-json\/wp\/v2\/comments?post=10123"}],"version-history":[{"count":5,"href":"https:\/\/mega-stoffel.de\/weblog\/wp-json\/wp\/v2\/posts\/10123\/revisions"}],"predecessor-version":[{"id":10128,"href":"https:\/\/mega-stoffel.de\/weblog\/wp-json\/wp\/v2\/posts\/10123\/revisions\/10128"}],"wp:featuredmedia":[{"embeddable":true,"href":"https:\/\/mega-stoffel.de\/weblog\/wp-json\/wp\/v2\/media\/10112"}],"wp:attachment":[{"href":"https:\/\/mega-stoffel.de\/weblog\/wp-json\/wp\/v2\/media?parent=10123"}],"wp:term":[{"taxonomy":"category","embeddable":true,"href":"https:\/\/mega-stoffel.de\/weblog\/wp-json\/wp\/v2\/categories?post=10123"},{"taxonomy":"post_tag","embeddable":true,"href":"https:\/\/mega-stoffel.de\/weblog\/wp-json\/wp\/v2\/tags?post=10123"}],"curies":[{"name":"wp","href":"https:\/\/api.w.org\/{rel}","templated":true}]}}