{"id":10411,"date":"2020-11-09T21:30:55","date_gmt":"2020-11-09T20:30:55","guid":{"rendered":"https:\/\/mega-stoffel.de\/weblog\/?p=10411"},"modified":"2021-01-03T22:15:07","modified_gmt":"2021-01-03T21:15:07","slug":"wie-fahrradstrasse","status":"publish","type":"post","link":"https:\/\/mega-stoffel.de\/weblog\/2020\/11\/09\/wie-fahrradstrasse\/","title":{"rendered":"Wie, Fahrradstra\u00dfe?"},"content":{"rendered":"<p>ja, mit so einer \u00c4u\u00dferung &#8222;Wie, das hier ist eine <a href=\"https:\/\/mega-stoffel.de\/weblog\/2019\/12\/14\/fahrradstrasse\/\">Fahrradstra\u00dfe<\/a>\u203d Das wusste ich gar nicht!&#8220; wird man immer wieder konfrontiert, wenn man die Autofahrer:innen fragt, wieso sie denn auf dieser 350m langen Fahrradstra\u00dfe in Stuttgart fahren. Nat\u00fcrlich wissen sie es und sie sollten auch wissen, dass sie dort nicht mit dem Auto fahren d\u00fcrfen. Aber durch die lebenslange Erziehung von unt\u00e4tigen Ordnungs\u00e4mtern und lediglich verwarnenden Polizist:innen, wissen sie eben auch, dass sie mit dieser naiven (wenn auch gelogenen) Frage immer gut durch kommen.<\/p>\n<p>Wie ich dazu komme, dass sie es wissen m\u00fcssten?<br \/>\nIch habe mir die Einfahrt in die Fahrradstra\u00dfe mal angeschaut. Zuerst steht da ein gro\u00dfes Schild, auf dem viel blau-wei\u00dfes steht: eine Busspur und eben eine Fahrradstra\u00dfe. Dass die tats\u00e4chlichen Spuren nicht mit dem Schild \u00fcbereinstimmen ist in Stuttgart nur ein vernachl\u00e4ssigbares Detail; es gibt hier viele Schilder, die falsch und\/oder unsinnig sind.<br \/>\n<img loading=\"lazy\" decoding=\"async\" class=\"alignnone size-full wp-image-10419\" src=\"https:\/\/mega-stoffel.de\/weblog\/wp-content\/uploads\/2021\/01\/Fahrradstrasse_002.jpg\" alt=\"Stuttgarter Fahrradstra\u00dfe\" width=\"1000\" height=\"630\" srcset=\"https:\/\/mega-stoffel.de\/weblog\/wp-content\/uploads\/2021\/01\/Fahrradstrasse_002.jpg 1000w, https:\/\/mega-stoffel.de\/weblog\/wp-content\/uploads\/2021\/01\/Fahrradstrasse_002-300x189.jpg 300w, https:\/\/mega-stoffel.de\/weblog\/wp-content\/uploads\/2021\/01\/Fahrradstrasse_002-768x484.jpg 768w, https:\/\/mega-stoffel.de\/weblog\/wp-content\/uploads\/2021\/01\/Fahrradstrasse_002-624x393.jpg 624w\" sizes=\"auto, (max-width: 1000px) 100vw, 1000px\" \/><br \/>\n<!--more-->Das Schild steht dann \u00e4hnlich etwa 50m sp\u00e4ter nochmal am Stra\u00dfenrad. Jetzt auch etwas besser zur Infrastruktur passend. Auch hier wird wieder deutlich, dass man als Autofahrer:in nur eine von den drei M\u00f6glichkeiten nehmen darf.<br \/>\n<img loading=\"lazy\" decoding=\"async\" class=\"alignnone size-full wp-image-10418\" src=\"https:\/\/mega-stoffel.de\/weblog\/wp-content\/uploads\/2021\/01\/Fahrradstrasse_003.jpg\" alt=\"Stuttgarter Fahrradstra\u00dfe\" width=\"1000\" height=\"705\" srcset=\"https:\/\/mega-stoffel.de\/weblog\/wp-content\/uploads\/2021\/01\/Fahrradstrasse_003.jpg 1000w, https:\/\/mega-stoffel.de\/weblog\/wp-content\/uploads\/2021\/01\/Fahrradstrasse_003-300x212.jpg 300w, https:\/\/mega-stoffel.de\/weblog\/wp-content\/uploads\/2021\/01\/Fahrradstrasse_003-768x541.jpg 768w, https:\/\/mega-stoffel.de\/weblog\/wp-content\/uploads\/2021\/01\/Fahrradstrasse_003-624x440.jpg 624w\" sizes=\"auto, (max-width: 1000px) 100vw, 1000px\" \/><br \/>\nAn der tats\u00e4chlichen Abbiegung zur Fahrradstra\u00dfe steht dann diese &#8222;Fahrradstra\u00dfe&#8220;-Schild. Ohne den so oft genutzten Zusatz &#8222;KFZ frei&#8220;, der diese Fahrradstra\u00dfen dann nur noch zu einem hohlen Witz verkommen l\u00e4sst. Nein, das hier ist eine Fahrradstra\u00dfe! Und au\u00dfer Lieferverkehr (5-11), Taxis und &#8222;Rollst\u00fchlen&#8220; ist hier nichts erlaubt. Daneben noch ein Mast mit vielen Richtungsanzeigern f\u00fcr den Radverkehr.<br \/>\n<img loading=\"lazy\" decoding=\"async\" class=\"alignnone size-full wp-image-10417\" src=\"https:\/\/mega-stoffel.de\/weblog\/wp-content\/uploads\/2021\/01\/Fahrradstrasse_004.jpg\" alt=\"Stuttgarter Fahrradstra\u00dfe\" width=\"1000\" height=\"774\" srcset=\"https:\/\/mega-stoffel.de\/weblog\/wp-content\/uploads\/2021\/01\/Fahrradstrasse_004.jpg 1000w, https:\/\/mega-stoffel.de\/weblog\/wp-content\/uploads\/2021\/01\/Fahrradstrasse_004-300x232.jpg 300w, https:\/\/mega-stoffel.de\/weblog\/wp-content\/uploads\/2021\/01\/Fahrradstrasse_004-768x594.jpg 768w, https:\/\/mega-stoffel.de\/weblog\/wp-content\/uploads\/2021\/01\/Fahrradstrasse_004-624x483.jpg 624w\" sizes=\"auto, (max-width: 1000px) 100vw, 1000px\" \/><br \/>\nAm Boden an der Einfahrt dieser Fahrradstra\u00dfe ist dann noch ein blauer Streifen markiert, um diese &#8222;Besonderheit&#8220; herauszustellen.<br \/>\n<img loading=\"lazy\" decoding=\"async\" class=\"alignnone size-full wp-image-10416\" src=\"https:\/\/mega-stoffel.de\/weblog\/wp-content\/uploads\/2021\/01\/Fahrradstrasse_005.jpg\" alt=\"Stuttgarter Fahrradstra\u00dfe\" width=\"1000\" height=\"463\" srcset=\"https:\/\/mega-stoffel.de\/weblog\/wp-content\/uploads\/2021\/01\/Fahrradstrasse_005.jpg 1000w, https:\/\/mega-stoffel.de\/weblog\/wp-content\/uploads\/2021\/01\/Fahrradstrasse_005-300x139.jpg 300w, https:\/\/mega-stoffel.de\/weblog\/wp-content\/uploads\/2021\/01\/Fahrradstrasse_005-768x356.jpg 768w, https:\/\/mega-stoffel.de\/weblog\/wp-content\/uploads\/2021\/01\/Fahrradstrasse_005-624x289.jpg 624w\" sizes=\"auto, (max-width: 1000px) 100vw, 1000px\" \/><br \/>\nSobald man in der Fahrradstra\u00dfe ist, steht am rechten Rand erneut dieses &#8222;Fahrradstra\u00dfe&#8220;-Schild, mit den Ausnahmen, die auch schon am Eingang standen. Von &#8222;KFZ frei&#8220; steht hier immer noch nichts.<br \/>\n<img loading=\"lazy\" decoding=\"async\" class=\"alignnone size-full wp-image-10415\" src=\"https:\/\/mega-stoffel.de\/weblog\/wp-content\/uploads\/2021\/01\/Fahrradstrasse_006.jpg\" alt=\"Stuttgarter Fahrradstra\u00dfe\" width=\"1000\" height=\"654\" srcset=\"https:\/\/mega-stoffel.de\/weblog\/wp-content\/uploads\/2021\/01\/Fahrradstrasse_006.jpg 1000w, https:\/\/mega-stoffel.de\/weblog\/wp-content\/uploads\/2021\/01\/Fahrradstrasse_006-300x196.jpg 300w, https:\/\/mega-stoffel.de\/weblog\/wp-content\/uploads\/2021\/01\/Fahrradstrasse_006-768x502.jpg 768w, https:\/\/mega-stoffel.de\/weblog\/wp-content\/uploads\/2021\/01\/Fahrradstrasse_006-624x408.jpg 624w\" sizes=\"auto, (max-width: 1000px) 100vw, 1000px\" \/><br \/>\nAm Boden ist hier nochmal \u00fcber einen gro\u00dfen Teil des Stra\u00dfenquerschnitts ein &#8222;Fahrradstra\u00dfe&#8220;-Symbol aufgemalt.<br \/>\n<img loading=\"lazy\" decoding=\"async\" class=\"alignnone size-full wp-image-10414\" src=\"https:\/\/mega-stoffel.de\/weblog\/wp-content\/uploads\/2021\/01\/Fahrradstrasse_007.jpg\" alt=\"Stuttgarter Fahrradstra\u00dfe\" width=\"1000\" height=\"462\" srcset=\"https:\/\/mega-stoffel.de\/weblog\/wp-content\/uploads\/2021\/01\/Fahrradstrasse_007.jpg 1000w, https:\/\/mega-stoffel.de\/weblog\/wp-content\/uploads\/2021\/01\/Fahrradstrasse_007-300x139.jpg 300w, https:\/\/mega-stoffel.de\/weblog\/wp-content\/uploads\/2021\/01\/Fahrradstrasse_007-768x355.jpg 768w, https:\/\/mega-stoffel.de\/weblog\/wp-content\/uploads\/2021\/01\/Fahrradstrasse_007-624x288.jpg 624w\" sizes=\"auto, (max-width: 1000px) 100vw, 1000px\" \/><br \/>\n\u00dcber diesem Symbol h\u00e4ngt dann ein Banner, auf dem nochmal etwas von Fahrradstra\u00dfe und autofrei zu lesen ist. F\u00fcr alle &#8222;Hans-guck-in-die-Luft&#8220;-Menschen, die im Stra\u00dfenverkehr \u00fcberall hinschauen, nur nicht auf die Stra\u00dfe achten.<br \/>\n<img loading=\"lazy\" decoding=\"async\" class=\"alignnone size-full wp-image-10413\" src=\"https:\/\/mega-stoffel.de\/weblog\/wp-content\/uploads\/2021\/01\/Fahrradstrasse_008.jpg\" alt=\"Stuttgarter Fahrradstra\u00dfe\" width=\"1000\" height=\"351\" srcset=\"https:\/\/mega-stoffel.de\/weblog\/wp-content\/uploads\/2021\/01\/Fahrradstrasse_008.jpg 1000w, https:\/\/mega-stoffel.de\/weblog\/wp-content\/uploads\/2021\/01\/Fahrradstrasse_008-300x105.jpg 300w, https:\/\/mega-stoffel.de\/weblog\/wp-content\/uploads\/2021\/01\/Fahrradstrasse_008-768x270.jpg 768w, https:\/\/mega-stoffel.de\/weblog\/wp-content\/uploads\/2021\/01\/Fahrradstrasse_008-624x219.jpg 624w\" sizes=\"auto, (max-width: 1000px) 100vw, 1000px\" \/><br \/>\nUnd dann ist \u00fcber die komplette Stra\u00dfe links und rechts noch ein blauer Randstreifen, der sich vom \u00fcblichen wei\u00dfen Randstreifen merklich unterscheidet.<br \/>\n<img loading=\"lazy\" decoding=\"async\" class=\"alignnone size-full wp-image-10412\" src=\"https:\/\/mega-stoffel.de\/weblog\/wp-content\/uploads\/2021\/01\/Fahrradstrasse_009.jpg\" alt=\"Stuttgarter Fahrradstra\u00dfe\" width=\"1000\" height=\"313\" srcset=\"https:\/\/mega-stoffel.de\/weblog\/wp-content\/uploads\/2021\/01\/Fahrradstrasse_009.jpg 1000w, https:\/\/mega-stoffel.de\/weblog\/wp-content\/uploads\/2021\/01\/Fahrradstrasse_009-300x94.jpg 300w, https:\/\/mega-stoffel.de\/weblog\/wp-content\/uploads\/2021\/01\/Fahrradstrasse_009-768x240.jpg 768w, https:\/\/mega-stoffel.de\/weblog\/wp-content\/uploads\/2021\/01\/Fahrradstrasse_009-624x195.jpg 624w\" sizes=\"auto, (max-width: 1000px) 100vw, 1000px\" \/><br \/>\nUnd dann gibt es tats\u00e4chlich noch Menschen, die rotzfrech anderen ins Gesicht l\u00fcgen, dass sie nicht wissen, dass sie in einer Fahrradstra\u00dfe sind. Und die andere Seite, die sich so rotzfrech anl\u00fcgen l\u00e4sst. Oder die eben tats\u00e4chlich der Meinung sind, dass man als Autofahrer:in keine Schilder beachten muss und \u00fcberall freie Fahrt hat.<\/p>\n","protected":false},"excerpt":{"rendered":"<p>ja, mit so einer \u00c4u\u00dferung &#8222;Wie, das hier ist eine Fahrradstra\u00dfe\u203d Das wusste ich gar nicht!&#8220; wird man immer wieder konfrontiert, wenn man die Autofahrer:innen fragt, wieso sie denn auf dieser 350m langen Fahrradstra\u00dfe in Stuttgart fahren. Nat\u00fcrlich wissen sie es und sie sollten auch wissen, dass sie dort nicht mit dem Auto fahren d\u00fcrfen. [&hellip;]<\/p>\n","protected":false},"author":1,"featured_media":10413,"comment_status":"open","ping_status":"open","sticky":false,"template":"","format":"standard","meta":{"activitypub_content_warning":"","activitypub_content_visibility":"","activitypub_max_image_attachments":4,"activitypub_interaction_policy_quote":"anyone","activitypub_status":"","footnotes":""},"categories":[66,5],"tags":[73,118,169,44,67,168,153,64,53],"class_list":["post-10411","post","type-post","status-publish","format-standard","has-post-thumbnail","hentry","category-fahrradstadt","category-gedanken","tag-stuttgartsteigtum","tag-autostadt","tag-beschilderung","tag-fahrrad","tag-fahrradstadt","tag-fahrradstrasse","tag-lebenswerte-stadt","tag-lugen","tag-stuttgart"],"_links":{"self":[{"href":"https:\/\/mega-stoffel.de\/weblog\/wp-json\/wp\/v2\/posts\/10411","targetHints":{"allow":["GET"]}}],"collection":[{"href":"https:\/\/mega-stoffel.de\/weblog\/wp-json\/wp\/v2\/posts"}],"about":[{"href":"https:\/\/mega-stoffel.de\/weblog\/wp-json\/wp\/v2\/types\/post"}],"author":[{"embeddable":true,"href":"https:\/\/mega-stoffel.de\/weblog\/wp-json\/wp\/v2\/users\/1"}],"replies":[{"embeddable":true,"href":"https:\/\/mega-stoffel.de\/weblog\/wp-json\/wp\/v2\/comments?post=10411"}],"version-history":[{"count":1,"href":"https:\/\/mega-stoffel.de\/weblog\/wp-json\/wp\/v2\/posts\/10411\/revisions"}],"predecessor-version":[{"id":10420,"href":"https:\/\/mega-stoffel.de\/weblog\/wp-json\/wp\/v2\/posts\/10411\/revisions\/10420"}],"wp:featuredmedia":[{"embeddable":true,"href":"https:\/\/mega-stoffel.de\/weblog\/wp-json\/wp\/v2\/media\/10413"}],"wp:attachment":[{"href":"https:\/\/mega-stoffel.de\/weblog\/wp-json\/wp\/v2\/media?parent=10411"}],"wp:term":[{"taxonomy":"category","embeddable":true,"href":"https:\/\/mega-stoffel.de\/weblog\/wp-json\/wp\/v2\/categories?post=10411"},{"taxonomy":"post_tag","embeddable":true,"href":"https:\/\/mega-stoffel.de\/weblog\/wp-json\/wp\/v2\/tags?post=10411"}],"curies":[{"name":"wp","href":"https:\/\/api.w.org\/{rel}","templated":true}]}}