{"id":10441,"date":"2020-05-17T15:50:19","date_gmt":"2020-05-17T13:50:19","guid":{"rendered":"https:\/\/mega-stoffel.de\/weblog\/?p=10441"},"modified":"2021-01-17T01:59:19","modified_gmt":"2021-01-17T00:59:19","slug":"mondfahrt-2020","status":"publish","type":"post","link":"https:\/\/mega-stoffel.de\/weblog\/2020\/05\/17\/mondfahrt-2020\/","title":{"rendered":"Mondfahrt 2020"},"content":{"rendered":"<p>im letzten Jahr hatten wir die Idee, eine <a href=\"https:\/\/mega-stoffel.de\/weblog\/2019\/05\/20\/mondfahrt\/\">Mondfahrt<\/a> zu Sternfahrt zu machen. Das zus\u00e4tzlich noch als &#8222;internationale Veranstaltung&#8220; auszuweisen und Stuttgart mit seiner Partnerstadt Stra\u00dfburg zu verbinden.<br \/>\nDieses Jahr ist halt alles anders und es gibt nicht mal eine <a href=\"http:\/\/www.radsternfahrt-bw.de\/\" target=\"_blank\" rel=\"noopener\">ADFC-Sternfahrt<\/a>. Aber daf\u00fcr ist die Wettervorhersage etwas besser. Also entschlie\u00dfe ich mich dazu, diese Mondfahrt einfach nochmal zu fahren. Da Frankreich stark von Corona heimgesucht wird und die Grenzen (vermutlich) zu sind, habe ich mir eine kleine Alternative auf der anderen Rheinseite ausgesucht. Bis zum Start am 16. Mai hatte ich keine Ausreden mehr gefunden, nicht loszufahren. Also stand ich um nachmittags um halbvier am Schlossplatz, schoss das &#8222;vorher&#8220;-Foto, <a href=\"https:\/\/twitter.com\/X__tof\/status\/1261652330132447232\" target=\"_blank\" rel=\"noopener\">twitterte<\/a> es und radelte los.<br \/>\n<img loading=\"lazy\" decoding=\"async\" class=\"alignnone size-full wp-image-10442\" src=\"https:\/\/mega-stoffel.de\/weblog\/wp-content\/uploads\/2021\/01\/Mondfahrt2_01.jpg\" alt=\"Mondfahrt: Start in Stuttgart\" width=\"1000\" height=\"616\" srcset=\"https:\/\/mega-stoffel.de\/weblog\/wp-content\/uploads\/2021\/01\/Mondfahrt2_01.jpg 1000w, https:\/\/mega-stoffel.de\/weblog\/wp-content\/uploads\/2021\/01\/Mondfahrt2_01-300x185.jpg 300w, https:\/\/mega-stoffel.de\/weblog\/wp-content\/uploads\/2021\/01\/Mondfahrt2_01-768x473.jpg 768w, https:\/\/mega-stoffel.de\/weblog\/wp-content\/uploads\/2021\/01\/Mondfahrt2_01-624x384.jpg 624w\" sizes=\"auto, (max-width: 1000px) 100vw, 1000px\" \/><br \/>\nAn dieser Werkstatt bei Altensteig, nach ca. 70km, machte ich eine kurze Pause. Noch an die Tour vom letzten Jahr denkend, als wir hier Schutz vor dem ersten starken Regenguss suchten.<img loading=\"lazy\" decoding=\"async\" class=\"alignnone size-full wp-image-10432\" src=\"https:\/\/mega-stoffel.de\/weblog\/wp-content\/uploads\/2021\/01\/Mondfahrt2_02.jpg\" alt=\"Mondfahrt: mittendrin\" width=\"1000\" height=\"664\" srcset=\"https:\/\/mega-stoffel.de\/weblog\/wp-content\/uploads\/2021\/01\/Mondfahrt2_02.jpg 1000w, https:\/\/mega-stoffel.de\/weblog\/wp-content\/uploads\/2021\/01\/Mondfahrt2_02-300x199.jpg 300w, https:\/\/mega-stoffel.de\/weblog\/wp-content\/uploads\/2021\/01\/Mondfahrt2_02-768x510.jpg 768w, https:\/\/mega-stoffel.de\/weblog\/wp-content\/uploads\/2021\/01\/Mondfahrt2_02-624x414.jpg 624w\" sizes=\"auto, (max-width: 1000px) 100vw, 1000px\" \/><br \/>\nAuch an der Nagoldtalsperre, nach etwa 85km, schoss ich noch schnell ein Foto; wie im letzten Jahr.<br \/>\n<img loading=\"lazy\" decoding=\"async\" class=\"alignnone size-full wp-image-10433\" src=\"https:\/\/mega-stoffel.de\/weblog\/wp-content\/uploads\/2021\/01\/Mondfahrt2_03.jpg\" alt=\"Mondfahrt: Nagoldtalsperre\" width=\"1000\" height=\"712\" srcset=\"https:\/\/mega-stoffel.de\/weblog\/wp-content\/uploads\/2021\/01\/Mondfahrt2_03.jpg 1000w, https:\/\/mega-stoffel.de\/weblog\/wp-content\/uploads\/2021\/01\/Mondfahrt2_03-300x214.jpg 300w, https:\/\/mega-stoffel.de\/weblog\/wp-content\/uploads\/2021\/01\/Mondfahrt2_03-768x547.jpg 768w, https:\/\/mega-stoffel.de\/weblog\/wp-content\/uploads\/2021\/01\/Mondfahrt2_03-624x444.jpg 624w\" sizes=\"auto, (max-width: 1000px) 100vw, 1000px\" \/><br \/>\n<!--more-->Dann wurde es spannender. Die D\u00e4mmerung setzte ein. Ich schaffte es noch auf den Schwarzwald hoch, solange es halbwegs hell war. Die Tour f\u00fchrte \u00fcber den <a href=\"https:\/\/de.wikipedia.org\/wiki\/Ruhestein\" target=\"_blank\" rel=\"noopener\">Ruhestein<\/a> und von dort \u00fcber die &#8222;Allerheiligenstra\u00dfe&#8220; fast 800m runter ins Rheintal. Diese Allerheiligenstra\u00dfe wurde neu gemacht und war eigentlich noch gesperrt. Die Sperrung ignorierte ich, denn mit dem Fahrrad kommt man normalerweise \u00fcberall durch. Die Stra\u00dfe ist tiefschwarz, wie ganz neuer Asphalt eben so aussieht und hatte noch keine Markierungen an den Seiten oder der Mitte. Dazu ging sie sehr kurvig voran. Die Aussicht in die untergehende Sonne war grandios, konnte ich aber nicht so richtig genie\u00dfen, ich musste ja auf die Stra\u00dfe achten. Und kalt wurde es auch schon langsam. Hier hoffte ich noch, dass es im Rheintal dann wieder w\u00e4rmer wird.<br \/>\n<img loading=\"lazy\" decoding=\"async\" class=\"alignnone size-full wp-image-10434\" src=\"https:\/\/mega-stoffel.de\/weblog\/wp-content\/uploads\/2021\/01\/Mondfahrt2_04.jpg\" alt=\"Mondfahrt: Allerheiligen-Abfahrt\" width=\"898\" height=\"1000\" srcset=\"https:\/\/mega-stoffel.de\/weblog\/wp-content\/uploads\/2021\/01\/Mondfahrt2_04.jpg 898w, https:\/\/mega-stoffel.de\/weblog\/wp-content\/uploads\/2021\/01\/Mondfahrt2_04-269x300.jpg 269w, https:\/\/mega-stoffel.de\/weblog\/wp-content\/uploads\/2021\/01\/Mondfahrt2_04-768x855.jpg 768w, https:\/\/mega-stoffel.de\/weblog\/wp-content\/uploads\/2021\/01\/Mondfahrt2_04-624x695.jpg 624w\" sizes=\"auto, (max-width: 898px) 100vw, 898px\" \/><br \/>\nWie zu erwarten, war die Grenze in Kehl nat\u00fcrlich zu. Die Europa-Br\u00fccke, die auf der letzten Tour noch auff\u00e4llig beleuchtet war, war dieses Mal dunkel. Ich \u00fcberlegte noch, ob es sinnvoll w\u00e4re, mit den Z\u00f6llnern zu reden und ihnen mein Anliegen darzulegen. Also, dass ich <em>nur kurz<\/em> nach Stra\u00dfburg fahren will und von dort dann weiter nach Karlsruhe. Mit der Gefahr, dass ich an der n\u00e4chsten Grenze dann vielleicht nicht mehr zur\u00fcck nach Deutschland gelassen werde. Und verwarf diese Idee dann eben wieder.<br \/>\nEs ist ungef\u00e4hr Mitternacht, ich habe etwa 170km hinter mir und mache jetzt eine etwas l\u00e4ngere Pause.<br \/>\n<img loading=\"lazy\" decoding=\"async\" class=\"alignnone size-full wp-image-10435\" src=\"https:\/\/mega-stoffel.de\/weblog\/wp-content\/uploads\/2021\/01\/Mondfahrt2_05.jpg\" alt=\"Mondfahrt: Grenze zu\" width=\"1000\" height=\"561\" srcset=\"https:\/\/mega-stoffel.de\/weblog\/wp-content\/uploads\/2021\/01\/Mondfahrt2_05.jpg 1000w, https:\/\/mega-stoffel.de\/weblog\/wp-content\/uploads\/2021\/01\/Mondfahrt2_05-300x168.jpg 300w, https:\/\/mega-stoffel.de\/weblog\/wp-content\/uploads\/2021\/01\/Mondfahrt2_05-768x431.jpg 768w, https:\/\/mega-stoffel.de\/weblog\/wp-content\/uploads\/2021\/01\/Mondfahrt2_05-624x350.jpg 624w\" sizes=\"auto, (max-width: 1000px) 100vw, 1000px\" \/><br \/>\nEtwa eine Stunde sp\u00e4ter habe ich zwar gegessen und getrunken, aber nicht mehr viel zum Anziehen dabei. Es ist kalt, auf dem weiteren Weg sehe ich solche \u00f6ffentlichen Temperatur-Anzeigen. Sie zeigen 3\u00b0, 4\u00b0 oder auch mal 5\u00b0C an. Ich hatte jedoch eher mit 10\u00b0C gerechnet und bin von der K\u00e4lte \u00fcberrascht.<br \/>\nDa hilft auch die d\u00fcnne Mondsichel nicht weiter, die ich in der Ferne sehe.<br \/>\n<img loading=\"lazy\" decoding=\"async\" class=\"alignnone size-full wp-image-10436\" src=\"https:\/\/mega-stoffel.de\/weblog\/wp-content\/uploads\/2021\/01\/Mondfahrt2_06.jpg\" alt=\"Mondfahrt: der Mond!\" width=\"1000\" height=\"520\" srcset=\"https:\/\/mega-stoffel.de\/weblog\/wp-content\/uploads\/2021\/01\/Mondfahrt2_06.jpg 1000w, https:\/\/mega-stoffel.de\/weblog\/wp-content\/uploads\/2021\/01\/Mondfahrt2_06-300x156.jpg 300w, https:\/\/mega-stoffel.de\/weblog\/wp-content\/uploads\/2021\/01\/Mondfahrt2_06-768x399.jpg 768w, https:\/\/mega-stoffel.de\/weblog\/wp-content\/uploads\/2021\/01\/Mondfahrt2_06-624x324.jpg 624w\" sizes=\"auto, (max-width: 1000px) 100vw, 1000px\" \/><br \/>\nNach etwa 14h, 255km sp\u00e4ter, komme ich in Karlsruhe an. Ich mache schnell &#8222;Touri-Fotos&#8220; vom Bundesverfassungsgericht<br \/>\n<img loading=\"lazy\" decoding=\"async\" class=\"alignnone size-full wp-image-10438\" src=\"https:\/\/mega-stoffel.de\/weblog\/wp-content\/uploads\/2021\/01\/Mondfahrt2_07a.jpg\" alt=\"Mondfahrt: beim Bundesverfassungsgericht\" width=\"1000\" height=\"570\" srcset=\"https:\/\/mega-stoffel.de\/weblog\/wp-content\/uploads\/2021\/01\/Mondfahrt2_07a.jpg 1000w, https:\/\/mega-stoffel.de\/weblog\/wp-content\/uploads\/2021\/01\/Mondfahrt2_07a-300x171.jpg 300w, https:\/\/mega-stoffel.de\/weblog\/wp-content\/uploads\/2021\/01\/Mondfahrt2_07a-768x438.jpg 768w, https:\/\/mega-stoffel.de\/weblog\/wp-content\/uploads\/2021\/01\/Mondfahrt2_07a-624x356.jpg 624w\" sizes=\"auto, (max-width: 1000px) 100vw, 1000px\" \/><br \/>\nund vom Karlsruher Schloss.<br \/>\n<img loading=\"lazy\" decoding=\"async\" class=\"alignnone size-full wp-image-10437\" src=\"https:\/\/mega-stoffel.de\/weblog\/wp-content\/uploads\/2021\/01\/Mondfahrt2_07.jpg\" alt=\"Mondfahrt: Karlsruher Schloss\" width=\"1000\" height=\"430\" srcset=\"https:\/\/mega-stoffel.de\/weblog\/wp-content\/uploads\/2021\/01\/Mondfahrt2_07.jpg 1000w, https:\/\/mega-stoffel.de\/weblog\/wp-content\/uploads\/2021\/01\/Mondfahrt2_07-300x129.jpg 300w, https:\/\/mega-stoffel.de\/weblog\/wp-content\/uploads\/2021\/01\/Mondfahrt2_07-768x330.jpg 768w, https:\/\/mega-stoffel.de\/weblog\/wp-content\/uploads\/2021\/01\/Mondfahrt2_07-624x268.jpg 624w\" sizes=\"auto, (max-width: 1000px) 100vw, 1000px\" \/><br \/>\nDann fahre ich zum Bahnhof. Das war eine Station auf der Mondfahrt im letzten Jahr. Dort drin ist es etwas w\u00e4rmer und ich mache ein &#8222;kurzes&#8220; Nickerchen, bevor ich ein gutes St\u00fcndchen sp\u00e4ter wieder aufsteige und den Rest in Angriff nehme.<br \/>\nDie Gegend zwischen Karlsruhe und Stuttgart kenne ich kaum, daher habe ich mal wieder irgendeine Route zusammengeplant. Die stellte sich im Nachhinein als nicht so gut raus.<br \/>\n19,5h sp\u00e4ter, nach 320km komme ich in Weil der Stadt an. Dort w\u00fcrde die Sternfahrt starten. Zwar bereits zwei Stunden fr\u00fcher, aber darauf musste ich diesmal ja keine R\u00fccksicht nehmen. Und weil hier niemand war, holte ich mir ein Eis und machte noch ein weiteres Nickerchen.<br \/>\n<img loading=\"lazy\" decoding=\"async\" class=\"alignnone size-full wp-image-10439\" src=\"https:\/\/mega-stoffel.de\/weblog\/wp-content\/uploads\/2021\/01\/Mondfahrt2_08.jpg\" alt=\"Mondfahrt: Start der ADFC-Sternfahrt\" width=\"1000\" height=\"752\" srcset=\"https:\/\/mega-stoffel.de\/weblog\/wp-content\/uploads\/2021\/01\/Mondfahrt2_08.jpg 1000w, https:\/\/mega-stoffel.de\/weblog\/wp-content\/uploads\/2021\/01\/Mondfahrt2_08-300x226.jpg 300w, https:\/\/mega-stoffel.de\/weblog\/wp-content\/uploads\/2021\/01\/Mondfahrt2_08-768x578.jpg 768w, https:\/\/mega-stoffel.de\/weblog\/wp-content\/uploads\/2021\/01\/Mondfahrt2_08-624x469.jpg 624w\" sizes=\"auto, (max-width: 1000px) 100vw, 1000px\" \/><br \/>\nDie letzten 40km nach Stuttgart sind ziemlich z\u00e4h. Die Strecke ist mir doch in den Knochen, bzw. den Muskeln, die K\u00e4lte im Rhein war wohl zuviel (besser gesagt zu wenig) und dieses st\u00e4ndige AufundAb seit Karlsruhe war auch gar nicht f\u00f6rderlich.<br \/>\nUm kurz nach eins bin ich &#8211; gute 22 Stunden sp\u00e4ter &#8211; zur\u00fcck in Stuttgart, nach 360km, 17:30h fahrend. Hier noch die <a href=\"https:\/\/www.strava.com\/activities\/3468182322\/\" target=\"_blank\" rel=\"noopener\">Strava<\/a>&#8211; und die <a href=\"https:\/\/www.komoot.de\/tour\/185735182\" target=\"_blank\" rel=\"noopener\">Komoot<\/a>-Aufzeichnung, falls es jemand mal nachfahren will. Und nat\u00fcrlich auch noch das &#8222;nachher&#8220;-Foto, wieder am Schlossplatz.<br \/>\n<img loading=\"lazy\" decoding=\"async\" class=\"alignnone size-full wp-image-10440\" src=\"https:\/\/mega-stoffel.de\/weblog\/wp-content\/uploads\/2021\/01\/Mondfahrt2_09.jpg\" alt=\"Mondfahrt: zur\u00fcck in Stuttgart\" width=\"1000\" height=\"687\" srcset=\"https:\/\/mega-stoffel.de\/weblog\/wp-content\/uploads\/2021\/01\/Mondfahrt2_09.jpg 1000w, https:\/\/mega-stoffel.de\/weblog\/wp-content\/uploads\/2021\/01\/Mondfahrt2_09-300x206.jpg 300w, https:\/\/mega-stoffel.de\/weblog\/wp-content\/uploads\/2021\/01\/Mondfahrt2_09-768x528.jpg 768w, https:\/\/mega-stoffel.de\/weblog\/wp-content\/uploads\/2021\/01\/Mondfahrt2_09-624x429.jpg 624w\" sizes=\"auto, (max-width: 1000px) 100vw, 1000px\" \/><br \/>\nIm n\u00e4chsten Jahr wird es bestimmt wieder eine Sternfahrt geben. Und dann gibt es vermutlich auch wieder eine Mondfahrt; schlie\u00dflich ist das jetzt ja schon eine &#8222;Tradition&#8220; &#8211; und das ganze Negative einer solchen langen (Nacht-) Tour vergisst man zum Gl\u00fcck mit der Zeit. ;~)<\/p>\n","protected":false},"excerpt":{"rendered":"<p>im letzten Jahr hatten wir die Idee, eine Mondfahrt zu Sternfahrt zu machen. Das zus\u00e4tzlich noch als &#8222;internationale Veranstaltung&#8220; auszuweisen und Stuttgart mit seiner Partnerstadt Stra\u00dfburg zu verbinden. Dieses Jahr ist halt alles anders und es gibt nicht mal eine ADFC-Sternfahrt. Aber daf\u00fcr ist die Wettervorhersage etwas besser. Also entschlie\u00dfe ich mich dazu, diese Mondfahrt [&hellip;]<\/p>\n","protected":false},"author":1,"featured_media":10436,"comment_status":"open","ping_status":"open","sticky":false,"template":"","format":"standard","meta":{"activitypub_content_warning":"","activitypub_content_visibility":"","activitypub_max_image_attachments":4,"activitypub_interaction_policy_quote":"anyone","activitypub_status":"","footnotes":""},"categories":[4,5,16],"tags":[72,181,177,79,44,183,176,182,184,180,45,92,179,178],"class_list":["post-10441","post","type-post","status-publish","format-standard","has-post-thumbnail","hentry","category-n-bild","category-gedanken","category-sport","tag-getonyourbike","tag-allerheiligen","tag-ausfahrt","tag-erfahrungen","tag-fahrrad","tag-karlsruhe","tag-mondfahrt","tag-nordschwarzwald","tag-pforzheim","tag-schwarzwald","tag-selfie","tag-sternfahrt","tag-strassburg","tag-tour"],"_links":{"self":[{"href":"https:\/\/mega-stoffel.de\/weblog\/wp-json\/wp\/v2\/posts\/10441","targetHints":{"allow":["GET"]}}],"collection":[{"href":"https:\/\/mega-stoffel.de\/weblog\/wp-json\/wp\/v2\/posts"}],"about":[{"href":"https:\/\/mega-stoffel.de\/weblog\/wp-json\/wp\/v2\/types\/post"}],"author":[{"embeddable":true,"href":"https:\/\/mega-stoffel.de\/weblog\/wp-json\/wp\/v2\/users\/1"}],"replies":[{"embeddable":true,"href":"https:\/\/mega-stoffel.de\/weblog\/wp-json\/wp\/v2\/comments?post=10441"}],"version-history":[{"count":3,"href":"https:\/\/mega-stoffel.de\/weblog\/wp-json\/wp\/v2\/posts\/10441\/revisions"}],"predecessor-version":[{"id":10446,"href":"https:\/\/mega-stoffel.de\/weblog\/wp-json\/wp\/v2\/posts\/10441\/revisions\/10446"}],"wp:featuredmedia":[{"embeddable":true,"href":"https:\/\/mega-stoffel.de\/weblog\/wp-json\/wp\/v2\/media\/10436"}],"wp:attachment":[{"href":"https:\/\/mega-stoffel.de\/weblog\/wp-json\/wp\/v2\/media?parent=10441"}],"wp:term":[{"taxonomy":"category","embeddable":true,"href":"https:\/\/mega-stoffel.de\/weblog\/wp-json\/wp\/v2\/categories?post=10441"},{"taxonomy":"post_tag","embeddable":true,"href":"https:\/\/mega-stoffel.de\/weblog\/wp-json\/wp\/v2\/tags?post=10441"}],"curies":[{"name":"wp","href":"https:\/\/api.w.org\/{rel}","templated":true}]}}