{"id":2626,"date":"2013-06-30T16:55:12","date_gmt":"2013-06-30T14:55:12","guid":{"rendered":"http:\/\/www.mega-stoffel.de\/weblog\/?p=2626"},"modified":"2013-06-30T16:55:12","modified_gmt":"2013-06-30T14:55:12","slug":"alb-extrem-2","status":"publish","type":"post","link":"https:\/\/mega-stoffel.de\/weblog\/2013\/06\/30\/alb-extrem-2\/","title":{"rendered":"Alb-Extrem"},"content":{"rendered":"<p>letztes Jahr war ich schonmal dabei, beim &#8222;ber\u00fcchtigten&#8220; Radmarathon Alb-Extrem. Die Fakten: 210km \u00fcber die Schw\u00e4bische Alb und dabei wird jeder Berg und H\u00fcgel mitgenommen. Das macht dann auf dieser Tour insgesamt etwa 3500 H\u00f6henmeter.<br \/>\nMorgens, kurz nach dem Start um ca. 6:30, sah es alles noch sehr idyllisch aus.\u00a0Die Nebelschwaden h\u00e4ngen noch in den T\u00e4lern.<br \/>\n<img loading=\"lazy\" decoding=\"async\" class=\"alignnone size-full wp-image-2627\" alt=\"die idyllische Schw\u00e4bische Alb\" src=\"http:\/\/www.mega-stoffel.de\/weblog\/wp-content\/uploads\/2013\/07\/130630.jpg\" width=\"600\" height=\"273\" \/><br \/>\nSo nach 150km war ich mal ziemlich fertig und es h\u00e4tte &#8211; gerade so fr\u00fch morgens &#8211;\u00a0gerne noch das ein oder andere Grad w\u00e4rmer sein k\u00f6nnen. Aber ansonsten war es mal wieder eine super organisierte Veranstaltung, bei der es Spa\u00df gemacht hat, mitzufahren.<br \/>\nIrgendwann schaffe ich es vielleicht auch mal, soweit zu trainieren, dass ich auch\u00a0die lange Strecke (260km, 4500 H\u00f6henmeter) problemlos schaffen kann.<br \/>\nF\u00fcr alle, die es mal nachfahren wollen, hier der <a title=\"Alb-Extrem GPS Track (210km Tour)\" href=\"http:\/\/www.endomondo.com\/workouts\/209652864\/9002650\">Track<\/a> bei Endomondo.<\/p>\n","protected":false},"excerpt":{"rendered":"<p>letztes Jahr war ich schonmal dabei, beim &#8222;ber\u00fcchtigten&#8220; Radmarathon Alb-Extrem. Die Fakten: 210km \u00fcber die Schw\u00e4bische Alb und dabei wird jeder Berg und H\u00fcgel mitgenommen. Das macht dann auf dieser Tour insgesamt etwa 3500 H\u00f6henmeter. Morgens, kurz nach dem Start um ca. 6:30, sah es alles noch sehr idyllisch aus.\u00a0Die Nebelschwaden h\u00e4ngen noch in den [&hellip;]<\/p>\n","protected":false},"author":1,"featured_media":0,"comment_status":"open","ping_status":"open","sticky":false,"template":"","format":"standard","meta":{"activitypub_content_warning":"","activitypub_content_visibility":"","activitypub_max_image_attachments":4,"activitypub_interaction_policy_quote":"anyone","activitypub_status":"","footnotes":""},"categories":[16],"tags":[],"class_list":["post-2626","post","type-post","status-publish","format-standard","hentry","category-sport"],"_links":{"self":[{"href":"https:\/\/mega-stoffel.de\/weblog\/wp-json\/wp\/v2\/posts\/2626","targetHints":{"allow":["GET"]}}],"collection":[{"href":"https:\/\/mega-stoffel.de\/weblog\/wp-json\/wp\/v2\/posts"}],"about":[{"href":"https:\/\/mega-stoffel.de\/weblog\/wp-json\/wp\/v2\/types\/post"}],"author":[{"embeddable":true,"href":"https:\/\/mega-stoffel.de\/weblog\/wp-json\/wp\/v2\/users\/1"}],"replies":[{"embeddable":true,"href":"https:\/\/mega-stoffel.de\/weblog\/wp-json\/wp\/v2\/comments?post=2626"}],"version-history":[{"count":0,"href":"https:\/\/mega-stoffel.de\/weblog\/wp-json\/wp\/v2\/posts\/2626\/revisions"}],"wp:attachment":[{"href":"https:\/\/mega-stoffel.de\/weblog\/wp-json\/wp\/v2\/media?parent=2626"}],"wp:term":[{"taxonomy":"category","embeddable":true,"href":"https:\/\/mega-stoffel.de\/weblog\/wp-json\/wp\/v2\/categories?post=2626"},{"taxonomy":"post_tag","embeddable":true,"href":"https:\/\/mega-stoffel.de\/weblog\/wp-json\/wp\/v2\/tags?post=2626"}],"curies":[{"name":"wp","href":"https:\/\/api.w.org\/{rel}","templated":true}]}}