{"id":2665,"date":"2013-07-27T16:15:04","date_gmt":"2013-07-27T14:15:04","guid":{"rendered":"http:\/\/www.mega-stoffel.de\/weblog\/?p=2665"},"modified":"2013-07-27T16:15:04","modified_gmt":"2013-07-27T14:15:04","slug":"nicht-fur-deutschland","status":"publish","type":"post","link":"https:\/\/mega-stoffel.de\/weblog\/2013\/07\/27\/nicht-fur-deutschland\/","title":{"rendered":"nicht f\u00fcr Deutschland"},"content":{"rendered":"<p>es ist ja gerade Eiszeit. Also nicht Klima-technisch gesehen &#8211; da steuern wir gerade aufs Gegenteil hin. Eher so Eis-Ess-Zeit. Diese Zeit ist f\u00fcr mich ja immer, aber jetzt kann sich auch die Mehrheit damit anfreunden. Und bei der letzten Eisverpackung wunderte ich mich \u00fcber den Aufdruck.<br \/>\nNeben dem &#8222;<a title=\"Wikipedia-Artikel \u00fcber den &quot;Gr\u00fcnen Punkt&quot;\" href=\"http:\/\/de.wikipedia.org\/wiki\/Gr%C3%BCner_Punkt\" target=\"_blank\">Gr\u00fcner Punkt<\/a>&#8220; Logo steht &#8222;nicht\u00a0f\u00fcr Deutschland&#8220;. H\u00e4? Ich dachte, dieser gr\u00fcne Punkt ist mal wieder eine typische deutsche Erfindung. Muss ich mir mal n\u00e4her anschauen, dieses ganze System&#8230;.<br \/>\n<img loading=\"lazy\" decoding=\"async\" class=\"alignnone  wp-image-2747\" alt=\"&quot;nicht f\u00fcr Deutschland&quot;\" src=\"http:\/\/www.mega-stoffel.de\/weblog\/wp-content\/uploads\/2013\/07\/130727.jpg\" width=\"900\" height=\"568\" \/><\/p>\n","protected":false},"excerpt":{"rendered":"<p>es ist ja gerade Eiszeit. Also nicht Klima-technisch gesehen &#8211; da steuern wir gerade aufs Gegenteil hin. Eher so Eis-Ess-Zeit. Diese Zeit ist f\u00fcr mich ja immer, aber jetzt kann sich auch die Mehrheit damit anfreunden. Und bei der letzten Eisverpackung wunderte ich mich \u00fcber den Aufdruck. Neben dem &#8222;Gr\u00fcner Punkt&#8220; Logo steht &#8222;nicht\u00a0f\u00fcr Deutschland&#8220;. [&hellip;]<\/p>\n","protected":false},"author":1,"featured_media":0,"comment_status":"open","ping_status":"open","sticky":false,"template":"","format":"standard","meta":{"activitypub_content_warning":"","activitypub_content_visibility":"","activitypub_max_image_attachments":4,"activitypub_interaction_policy_quote":"anyone","activitypub_status":"","footnotes":""},"categories":[5],"tags":[],"class_list":["post-2665","post","type-post","status-publish","format-standard","hentry","category-gedanken"],"_links":{"self":[{"href":"https:\/\/mega-stoffel.de\/weblog\/wp-json\/wp\/v2\/posts\/2665","targetHints":{"allow":["GET"]}}],"collection":[{"href":"https:\/\/mega-stoffel.de\/weblog\/wp-json\/wp\/v2\/posts"}],"about":[{"href":"https:\/\/mega-stoffel.de\/weblog\/wp-json\/wp\/v2\/types\/post"}],"author":[{"embeddable":true,"href":"https:\/\/mega-stoffel.de\/weblog\/wp-json\/wp\/v2\/users\/1"}],"replies":[{"embeddable":true,"href":"https:\/\/mega-stoffel.de\/weblog\/wp-json\/wp\/v2\/comments?post=2665"}],"version-history":[{"count":0,"href":"https:\/\/mega-stoffel.de\/weblog\/wp-json\/wp\/v2\/posts\/2665\/revisions"}],"wp:attachment":[{"href":"https:\/\/mega-stoffel.de\/weblog\/wp-json\/wp\/v2\/media?parent=2665"}],"wp:term":[{"taxonomy":"category","embeddable":true,"href":"https:\/\/mega-stoffel.de\/weblog\/wp-json\/wp\/v2\/categories?post=2665"},{"taxonomy":"post_tag","embeddable":true,"href":"https:\/\/mega-stoffel.de\/weblog\/wp-json\/wp\/v2\/tags?post=2665"}],"curies":[{"name":"wp","href":"https:\/\/api.w.org\/{rel}","templated":true}]}}