{"id":3446,"date":"2014-05-28T23:55:56","date_gmt":"2014-05-28T21:55:56","guid":{"rendered":"http:\/\/www.mega-stoffel.de\/weblog\/?p=3446"},"modified":"2014-05-28T23:55:56","modified_gmt":"2014-05-28T21:55:56","slug":"young-river-festival","status":"publish","type":"post","link":"https:\/\/mega-stoffel.de\/weblog\/2014\/05\/28\/young-river-festival\/","title":{"rendered":"Young River Festival"},"content":{"rendered":"<p>ganz neu im Esslinger Kulturzentrum <a title=\"Homepage des Kulturzentrum Dieselstrasse\" href=\"https:\/\/www.dieselstrasse.de\/\" target=\"_blank\">Dieselstrasse<\/a>: das Young River Festival!<br \/>\nAls gig-blog nehmen wir daf\u00fcr doch mal den langen Weg bis Esslingen auf uns und statten der Dieselstrasse einen Besuch ab (nicht nur wir, auch die <a title=\"Kopfh\u00f6rer.fm \u00fcber das Young River Festival\" href=\"http:\/\/www.stuttgarter-zeitung.de\/inhalt.motorama-in-esslingen-urschrei-und-hueftschwung.6294f334-e5bc-4ebe-ae73-5d00a77d5077.html\" target=\"_blank\">Stuttgarter Zeitung<\/a> ist heute Abend\u00a0vor Ort). F\u00fcr mich etwas stressig, da es schon das dritte Konzert am dritten Tag ist, das ich fotografiere. Wenn morgen kein Feiertag w\u00e4re, k\u00f6nnte ich unseren gig-blog Anspruch &#8222;<em>sp\u00e4testens ein\/zwei Tage nach dem Konzert kommt unser Bericht<\/em>&#8220; nicht erf\u00fcllen.<br \/>\nRausgekommen ist bei uns mal wieder ein lesenswerter <a title=\"gig-blog \u00fcber die Er\u00f6ffnung des Young River Festivals\" href=\"http:\/\/www.gig-blog.net\/2014\/05\/31\/motorama-28-05-2014-dieselstrasse-esslingen\/\" target=\"_blank\">Bericht<\/a> &#8211; und ich habe mich vom StZ Fotografen (hier <a title=\"Jan Georg Plavec, privat bei tumblr\" href=\"http:\/\/jangeorgplavec.tumblr.com\/\" target=\"_blank\">privat<\/a>) zu einer Konzert-Langzeitaufnahme inspirieren lassen.<br \/>\n1,6s Belichtungszeit bei Blende 13; freihand nat\u00fcrlich, weil ich noch nie ein Stativ bei Konzerten dabei hatte. Dann nur noch etwas am Ausschnitt feilen und die Farben so hindrehen, wie ich das gerne h\u00e4tte &#8211; TADAAA &#8211; das ist das Ergebnis:<\/p>\n<figure id=\"attachment_3447\" aria-describedby=\"caption-attachment-3447\" style=\"width: 490px\" class=\"wp-caption alignnone\"><a href=\"http:\/\/www.mega-stoffel.de\/weblog\/wp-content\/uploads\/2014\/06\/Levin-goes-Lightly-11.jpg\"><img loading=\"lazy\" decoding=\"async\" class=\"size-full wp-image-3447\" src=\"http:\/\/www.mega-stoffel.de\/weblog\/wp-content\/uploads\/2014\/06\/Levin-goes-Lightly-11.jpg\" alt=\"1,6sek Levin goes Lightly\" width=\"490\" height=\"735\" \/><\/a><figcaption id=\"caption-attachment-3447\" class=\"wp-caption-text\">1,6sek Levin goes Lightly<\/figcaption><\/figure>\n<p>Um mit Holgers (der gig-blog-Schreiber)\u00a0Worten zu sprechen: Die tiefen Teller habe ich damit sicherlich nicht erfunden, es gibt andere Fotografen, die schon viel besser versuchten, Bewegungen auf Fotos einzufangen, z.B. Deniz Saylan &#8211; hier der Link zu dessen\u00a0<a title=\"Deniz Saylan: Ballet\" href=\"http:\/\/denizsaylan.4ormat.com\/ballett%20\" target=\"_blank\">Projekt<\/a>.<\/p>\n","protected":false},"excerpt":{"rendered":"<p>ganz neu im Esslinger Kulturzentrum Dieselstrasse: das Young River Festival! Als gig-blog nehmen wir daf\u00fcr doch mal den langen Weg bis Esslingen auf uns und statten der Dieselstrasse einen Besuch ab (nicht nur wir, auch die Stuttgarter Zeitung ist heute Abend\u00a0vor Ort). F\u00fcr mich etwas stressig, da es schon das dritte Konzert am dritten Tag [&hellip;]<\/p>\n","protected":false},"author":1,"featured_media":0,"comment_status":"open","ping_status":"open","sticky":false,"template":"","format":"standard","meta":{"activitypub_content_warning":"","activitypub_content_visibility":"","activitypub_max_image_attachments":4,"activitypub_interaction_policy_quote":"anyone","activitypub_status":"","footnotes":""},"categories":[4,5,8],"tags":[],"class_list":["post-3446","post","type-post","status-publish","format-standard","hentry","category-n-bild","category-gedanken","category-sounds-from-trash"],"_links":{"self":[{"href":"https:\/\/mega-stoffel.de\/weblog\/wp-json\/wp\/v2\/posts\/3446","targetHints":{"allow":["GET"]}}],"collection":[{"href":"https:\/\/mega-stoffel.de\/weblog\/wp-json\/wp\/v2\/posts"}],"about":[{"href":"https:\/\/mega-stoffel.de\/weblog\/wp-json\/wp\/v2\/types\/post"}],"author":[{"embeddable":true,"href":"https:\/\/mega-stoffel.de\/weblog\/wp-json\/wp\/v2\/users\/1"}],"replies":[{"embeddable":true,"href":"https:\/\/mega-stoffel.de\/weblog\/wp-json\/wp\/v2\/comments?post=3446"}],"version-history":[{"count":0,"href":"https:\/\/mega-stoffel.de\/weblog\/wp-json\/wp\/v2\/posts\/3446\/revisions"}],"wp:attachment":[{"href":"https:\/\/mega-stoffel.de\/weblog\/wp-json\/wp\/v2\/media?parent=3446"}],"wp:term":[{"taxonomy":"category","embeddable":true,"href":"https:\/\/mega-stoffel.de\/weblog\/wp-json\/wp\/v2\/categories?post=3446"},{"taxonomy":"post_tag","embeddable":true,"href":"https:\/\/mega-stoffel.de\/weblog\/wp-json\/wp\/v2\/tags?post=3446"}],"curies":[{"name":"wp","href":"https:\/\/api.w.org\/{rel}","templated":true}]}}