{"id":3647,"date":"2014-08-27T00:40:27","date_gmt":"2014-08-26T22:40:27","guid":{"rendered":"http:\/\/www.mega-stoffel.de\/weblog\/?p=3647"},"modified":"2014-08-27T00:40:27","modified_gmt":"2014-08-26T22:40:27","slug":"regen-regen-regen","status":"publish","type":"post","link":"https:\/\/mega-stoffel.de\/weblog\/2014\/08\/27\/regen-regen-regen\/","title":{"rendered":"Regen, Regen, Regen"},"content":{"rendered":"<p>kommt es nur mir das so vor, oder gibt es diesen Sommer in Stuttgart tats\u00e4chlich keinen Tag, an dem es nicht (Platz-) regnet? Regen an sich ist ja schon beschissen genug (nicht nur im Sommer) &#8211; aber wenn man st\u00e4ndig davon \u00fcberrascht wird und in k\u00fcrzester Zeit, noch bevor man sich irgendwo unterstellen kann, klatschnass wird, kollidiert das mit meinem Verst\u00e4ndnis von &#8222;Sommer&#8220;. Aber vermutlich stimmt es doch, dass &#8222;Sommer&#8220; keine Zeit- sondern eine Ortsangabe ist, die nat\u00fcrlich nicht hier ist.<br \/>\nLetztens kam sogar mal so viel Regen runter, dass sogar diese Weinreben zu schwer wurden und einen relativ stabilen Edelstahl-Haken einfach verbogen haben und abgest\u00fcrzt sind. So ein Mist, drex-Sommer 2014!<br \/>\n<img loading=\"lazy\" decoding=\"async\" class=\"alignnone size-full wp-image-3648\" src=\"http:\/\/www.mega-stoffel.de\/weblog\/wp-content\/uploads\/2014\/09\/Platzregen.jpg\" alt=\"einer der t\u00e4glichen Platzregen in Stuttgart\" width=\"900\" height=\"626\" \/><\/p>\n","protected":false},"excerpt":{"rendered":"<p>kommt es nur mir das so vor, oder gibt es diesen Sommer in Stuttgart tats\u00e4chlich keinen Tag, an dem es nicht (Platz-) regnet? Regen an sich ist ja schon beschissen genug (nicht nur im Sommer) &#8211; aber wenn man st\u00e4ndig davon \u00fcberrascht wird und in k\u00fcrzester Zeit, noch bevor man sich irgendwo unterstellen kann, klatschnass [&hellip;]<\/p>\n","protected":false},"author":1,"featured_media":0,"comment_status":"open","ping_status":"open","sticky":false,"template":"","format":"standard","meta":{"activitypub_content_warning":"","activitypub_content_visibility":"","activitypub_max_image_attachments":4,"activitypub_interaction_policy_quote":"anyone","activitypub_status":"","footnotes":""},"categories":[5,6],"tags":[],"class_list":["post-3647","post","type-post","status-publish","format-standard","hentry","category-gedanken","category-nicht-nachmachen"],"_links":{"self":[{"href":"https:\/\/mega-stoffel.de\/weblog\/wp-json\/wp\/v2\/posts\/3647","targetHints":{"allow":["GET"]}}],"collection":[{"href":"https:\/\/mega-stoffel.de\/weblog\/wp-json\/wp\/v2\/posts"}],"about":[{"href":"https:\/\/mega-stoffel.de\/weblog\/wp-json\/wp\/v2\/types\/post"}],"author":[{"embeddable":true,"href":"https:\/\/mega-stoffel.de\/weblog\/wp-json\/wp\/v2\/users\/1"}],"replies":[{"embeddable":true,"href":"https:\/\/mega-stoffel.de\/weblog\/wp-json\/wp\/v2\/comments?post=3647"}],"version-history":[{"count":0,"href":"https:\/\/mega-stoffel.de\/weblog\/wp-json\/wp\/v2\/posts\/3647\/revisions"}],"wp:attachment":[{"href":"https:\/\/mega-stoffel.de\/weblog\/wp-json\/wp\/v2\/media?parent=3647"}],"wp:term":[{"taxonomy":"category","embeddable":true,"href":"https:\/\/mega-stoffel.de\/weblog\/wp-json\/wp\/v2\/categories?post=3647"},{"taxonomy":"post_tag","embeddable":true,"href":"https:\/\/mega-stoffel.de\/weblog\/wp-json\/wp\/v2\/tags?post=3647"}],"curies":[{"name":"wp","href":"https:\/\/api.w.org\/{rel}","templated":true}]}}