{"id":3709,"date":"2014-10-03T21:40:42","date_gmt":"2014-10-03T19:40:42","guid":{"rendered":"http:\/\/www.mega-stoffel.de\/weblog\/?p=3709"},"modified":"2014-10-03T21:40:42","modified_gmt":"2014-10-03T19:40:42","slug":"critical-mass-5","status":"publish","type":"post","link":"https:\/\/mega-stoffel.de\/weblog\/2014\/10\/03\/critical-mass-5\/","title":{"rendered":"Critical Mass Stuttgart 10\/14"},"content":{"rendered":"<p>beim letzten Mal demonstrierten etwa 650 Radler\u00a0bei der Critical Mass f\u00fcr eine lebenswertere Stadt mit mehr Fahrr\u00e4dern und &#8211; im Umkehrschluss &#8211; viel weniger Autos.\u00a0Die spannende Frage war, ob an diesem Feiertag, der das lange Wochenende einl\u00e4utete auch so viele Radfahrer dabei sein w\u00fcrden. Nicht ganz &#8211; es waren &#8222;nur&#8220; etwa 500 Fahrradfahrer, die &#8211; wie in Stuttgart schon \u00fcblich &#8211; unter Polizeischutz knappe zwei Stunden durch die Stadt fuhren.<br \/>\nFeiertag sei Dank hatte ich sogar daran denken k\u00f6nnen, meine Akkus f\u00fcr die Lichterkette am Fahrrad-Rahmen aufzuladen und fuhr so ein bisschen wie ein Christbaum rum. Bilder habe ich davon keine gefunden, aber hier sind auf jeden Fall ein paar andere zu finden:<br \/>\n&#8211;&gt;\u00a0<a title=\"Critical Mass Stuttgart\" href=\"http:\/\/criticalmassstuttgart.wordpress.com\" target=\"_blank\">http:\/\/criticalmassstuttgart.wordpress.com<br \/>\n<\/a>und hier noch ein paar Panoramas:<br \/>\n&#8211;&gt;\u00a0<a title=\"der Lightsniper bei der Oktober Critical Mass Stuttgart 2014\" href=\"http:\/\/www.lightsniper.de\/critical-mass-stuttgart\/#gallery\" target=\"_blank\">http:\/\/www.lightsniper.de\/critical-mass-stuttgart\/#gallery<\/a><br \/>\nBisher kannten wir ja schon die verschiedenen Lastenr\u00e4der, die die ganze Veranstaltung musikalisch untermalen; diesmal war sogar eine live-Veranstaltung von dem &#8222;Stuttgarter Nordbahnhof-Urgestein&#8220; K\u00f6rpa Klauz von\u00a0einer Rikscha dabei. Dieser HipHop ist nicht gerade meine Tasse Tee, daher hielt ich mich meist irgendwo beim Absperren auf (was den gro\u00dfen Vorteil hat, dass man die ganze Demo anschauen kann) oder fuhr eben immer wieder durch den langen Zug bis nach vorne um wieder den Absperr-Staffelstab von einem Polizisten abzunehmen&#8230;.<\/p>\n","protected":false},"excerpt":{"rendered":"<p>beim letzten Mal demonstrierten etwa 650 Radler\u00a0bei der Critical Mass f\u00fcr eine lebenswertere Stadt mit mehr Fahrr\u00e4dern und &#8211; im Umkehrschluss &#8211; viel weniger Autos.\u00a0Die spannende Frage war, ob an diesem Feiertag, der das lange Wochenende einl\u00e4utete auch so viele Radfahrer dabei sein w\u00fcrden. Nicht ganz &#8211; es waren &#8222;nur&#8220; etwa 500 Fahrradfahrer, die &#8211; [&hellip;]<\/p>\n","protected":false},"author":1,"featured_media":0,"comment_status":"open","ping_status":"open","sticky":false,"template":"","format":"standard","meta":{"activitypub_content_warning":"","activitypub_content_visibility":"","activitypub_max_image_attachments":4,"activitypub_interaction_policy_quote":"anyone","activitypub_status":"","footnotes":""},"categories":[5],"tags":[],"class_list":["post-3709","post","type-post","status-publish","format-standard","hentry","category-gedanken"],"_links":{"self":[{"href":"https:\/\/mega-stoffel.de\/weblog\/wp-json\/wp\/v2\/posts\/3709","targetHints":{"allow":["GET"]}}],"collection":[{"href":"https:\/\/mega-stoffel.de\/weblog\/wp-json\/wp\/v2\/posts"}],"about":[{"href":"https:\/\/mega-stoffel.de\/weblog\/wp-json\/wp\/v2\/types\/post"}],"author":[{"embeddable":true,"href":"https:\/\/mega-stoffel.de\/weblog\/wp-json\/wp\/v2\/users\/1"}],"replies":[{"embeddable":true,"href":"https:\/\/mega-stoffel.de\/weblog\/wp-json\/wp\/v2\/comments?post=3709"}],"version-history":[{"count":0,"href":"https:\/\/mega-stoffel.de\/weblog\/wp-json\/wp\/v2\/posts\/3709\/revisions"}],"wp:attachment":[{"href":"https:\/\/mega-stoffel.de\/weblog\/wp-json\/wp\/v2\/media?parent=3709"}],"wp:term":[{"taxonomy":"category","embeddable":true,"href":"https:\/\/mega-stoffel.de\/weblog\/wp-json\/wp\/v2\/categories?post=3709"},{"taxonomy":"post_tag","embeddable":true,"href":"https:\/\/mega-stoffel.de\/weblog\/wp-json\/wp\/v2\/tags?post=3709"}],"curies":[{"name":"wp","href":"https:\/\/api.w.org\/{rel}","templated":true}]}}