{"id":371,"date":"2007-07-09T19:10:41","date_gmt":"2007-07-09T17:10:41","guid":{"rendered":"http:\/\/www.mega-stoffel.de\/?p=371"},"modified":"2007-07-09T19:10:41","modified_gmt":"2007-07-09T17:10:41","slug":"sparen","status":"publish","type":"post","link":"https:\/\/mega-stoffel.de\/weblog\/2007\/07\/09\/sparen\/","title":{"rendered":"sparen!"},"content":{"rendered":"<p><a rel=\"attachment wp-att-370\" href=\"http:\/\/www.mega-stoffel.de\/?attachment_id=370\" title=\"Geschlossen wegen schlechten Wetters!\"><\/a>eigentlich h\u00e4tte man erwarten k\u00f6nnen, dass sich so eine Aktion in der Haupstadt der Schwaben rumspricht und das Freibad knallvoll ist. War aber nicht so &#8211; ich konnte ganz gem\u00fctlich f\u00fcr meinen n\u00e4chsten &#8222;<a target=\"_blank\" href=\"http:\/\/www.vier-seen-schwimmen.de\" title=\"Vier Seen Schwimmen in Senden\">Wettkampf<\/a>&#8220; trainieren.<br \/>\n<img decoding=\"async\" src=\"http:\/\/www.mega-stoffel.de\/wp-content\/uploads\/2007\/07\/070709.jpg\" alt=\"Geschlossen wegen schlechten Wetters!\" \/><br \/>\nP.S. &#8222;wegen des schlechten Wetters&#8220; &#8211; fein gemacht, sogar richtiges Deutsch. Auch nicht selbstverst\u00e4ndlich in Baden-W\u00fcrttemberg. Wer kann sich denn noch an die Kampagne erinnern: Wir k\u00f6nnen alles, au\u00dfer Hochdeutsch?<\/p>\n","protected":false},"excerpt":{"rendered":"<p>eigentlich h\u00e4tte man erwarten k\u00f6nnen, dass sich so eine Aktion in der Haupstadt der Schwaben rumspricht und das Freibad knallvoll ist. War aber nicht so &#8211; ich konnte ganz gem\u00fctlich f\u00fcr meinen n\u00e4chsten &#8222;Wettkampf&#8220; trainieren. P.S. &#8222;wegen des schlechten Wetters&#8220; &#8211; fein gemacht, sogar richtiges Deutsch. Auch nicht selbstverst\u00e4ndlich in Baden-W\u00fcrttemberg. Wer kann sich denn [&hellip;]<\/p>\n","protected":false},"author":1,"featured_media":0,"comment_status":"open","ping_status":"open","sticky":false,"template":"","format":"standard","meta":{"activitypub_content_warning":"","activitypub_content_visibility":"","activitypub_max_image_attachments":4,"activitypub_interaction_policy_quote":"anyone","activitypub_status":"","footnotes":""},"categories":[4],"tags":[],"class_list":["post-371","post","type-post","status-publish","format-standard","hentry","category-n-bild"],"_links":{"self":[{"href":"https:\/\/mega-stoffel.de\/weblog\/wp-json\/wp\/v2\/posts\/371","targetHints":{"allow":["GET"]}}],"collection":[{"href":"https:\/\/mega-stoffel.de\/weblog\/wp-json\/wp\/v2\/posts"}],"about":[{"href":"https:\/\/mega-stoffel.de\/weblog\/wp-json\/wp\/v2\/types\/post"}],"author":[{"embeddable":true,"href":"https:\/\/mega-stoffel.de\/weblog\/wp-json\/wp\/v2\/users\/1"}],"replies":[{"embeddable":true,"href":"https:\/\/mega-stoffel.de\/weblog\/wp-json\/wp\/v2\/comments?post=371"}],"version-history":[{"count":0,"href":"https:\/\/mega-stoffel.de\/weblog\/wp-json\/wp\/v2\/posts\/371\/revisions"}],"wp:attachment":[{"href":"https:\/\/mega-stoffel.de\/weblog\/wp-json\/wp\/v2\/media?parent=371"}],"wp:term":[{"taxonomy":"category","embeddable":true,"href":"https:\/\/mega-stoffel.de\/weblog\/wp-json\/wp\/v2\/categories?post=371"},{"taxonomy":"post_tag","embeddable":true,"href":"https:\/\/mega-stoffel.de\/weblog\/wp-json\/wp\/v2\/tags?post=371"}],"curies":[{"name":"wp","href":"https:\/\/api.w.org\/{rel}","templated":true}]}}