{"id":3747,"date":"2014-10-18T19:35:49","date_gmt":"2014-10-18T17:35:49","guid":{"rendered":"http:\/\/www.mega-stoffel.de\/weblog\/?p=3747"},"modified":"2014-10-18T19:35:49","modified_gmt":"2014-10-18T17:35:49","slug":"barcelona","status":"publish","type":"post","link":"https:\/\/mega-stoffel.de\/weblog\/2014\/10\/18\/barcelona\/","title":{"rendered":"Barcelona"},"content":{"rendered":"<p>der erste Tag in Barcelona f\u00e4ngt im Hotel schon mit so einer Art Tequilla an. Mein Spanisch ist zwar sehr, sehr schlecht (um nicht zu sagen: nicht vorhanden) &#8211; aber wie es immer so ist, helfen mir meine Augen, meine Erfahrung und der Kontext hier weiter &#8211; das hier ist vermutlich Butter:<br \/>\n<img loading=\"lazy\" decoding=\"async\" class=\"alignnone size-full wp-image-3748\" src=\"http:\/\/www.mega-stoffel.de\/weblog\/wp-content\/uploads\/2014\/11\/Tequilla-Fr\u00fchst\u00fcck.jpg\" alt=\"Tequilla zum Fr\u00fchst\u00fcck\" width=\"900\" height=\"478\" \/><br \/>\nSo gest\u00e4rkt muss ich nat\u00fcrlich erstmal ein Selbstportrait machen. Das mit den Selfies habe ich aber wohl\u00a0nicht nicht so ganz raus, meines sieht auf jeden Fall ein bisschen anders aus, als das von den anderen Leuten. Man kann auf jeden Fall sehen, dass ich kurze Hosen anhabe! ;~)<img loading=\"lazy\" decoding=\"async\" class=\"alignnone wp-image-3753 size-full\" src=\"http:\/\/www.mega-stoffel.de\/weblog\/wp-content\/uploads\/2014\/11\/Schatten-Selfie.jpg\" alt=\"Schatten-Selfie\" width=\"900\" height=\"484\" \/><br \/>\n<!--more-->Danch geht&#8217;s zum Touri-Pflichtprogramm &#8211; und dazu geh\u00f6rt in jedem Fall die Sagrada Familia.<br \/>\nWie das Ulmer M\u00fcnster ist sie auch immer mit Ger\u00fcsten zugebaut und hier stehen auch einige gro\u00dfe Kr\u00e4ne drum herum.<br \/>\nIch glaube ja, dass sie diese Kirche schon l\u00e4ngst fertigstellen k\u00f6nnten, wenn sie nur wollten. Aber diese &#8222;Unvollendete&#8220; ist vermutlich touristisch viel interessanter, als eine von vielen, vielen &#8222;fertigen&#8220; Kirchen weltweit.\u00a0\u00a0<img loading=\"lazy\" decoding=\"async\" class=\"alignnone wp-image-3752 size-full\" src=\"http:\/\/www.mega-stoffel.de\/weblog\/wp-content\/uploads\/2014\/11\/Sagrada.jpg\" alt=\"Sagrada Familia &amp; Kr\u00e4ne\" width=\"900\" height=\"986\" \/><br \/>\nUnd ich war sogar im Museum, selbstverst\u00e4ndlich mit dem homo sABIens T-Shirt, soviel Nostalgie muss sein.<br \/>\n<img loading=\"lazy\" decoding=\"async\" class=\"alignnone size-full wp-image-3766\" src=\"http:\/\/www.mega-stoffel.de\/weblog\/wp-content\/uploads\/2014\/10\/MNAC_vs_homosABIens.jpg\" alt=\"ins MNAC mit homo sABIens T-Shirt\" width=\"900\" height=\"900\" \/><br \/>\nAuf dem weiteren Weg durch die Stadt kommen mir jede Menge Impressionen vor die Linse. Dummerweise hatte ich gar keine richtige Linse dabei, sondern nur mein kleines Smartphone, mit dem ich mehr schlecht als recht versuchte, halbwegs vern\u00fcnftige Bilder zu schie\u00dfen.<br \/>\nDies hier nannte ich &#8222;Attencio&#8220;.<br \/>\n<img loading=\"lazy\" decoding=\"async\" class=\"alignnone wp-image-3750 size-full\" src=\"http:\/\/www.mega-stoffel.de\/weblog\/wp-content\/uploads\/2014\/11\/Attencio.jpg\" alt=\"Impressionen: Attencio\" width=\"900\" height=\"1295\" \/><br \/>\nUnd das hier hei\u00dft &#8222;Barcelona-Panorama&#8220;.<br \/>\n<img loading=\"lazy\" decoding=\"async\" class=\"alignnone wp-image-3751 size-full\" src=\"http:\/\/www.mega-stoffel.de\/weblog\/wp-content\/uploads\/2014\/11\/Panorama.jpg\" alt=\"Barcelona-Panorama\" width=\"900\" height=\"381\" \/><br \/>\nUnd dann war der Tag auch schon vorbei und wurde mit diesem ziemlich imposanten Sonnenuntergang &#8222;gefeiert&#8220;.<br \/>\n<img loading=\"lazy\" decoding=\"async\" class=\"alignnone wp-image-3749 size-full\" src=\"http:\/\/www.mega-stoffel.de\/weblog\/wp-content\/uploads\/2014\/11\/Sonnenuntergang.jpg\" alt=\"Sonnenuntergang\" width=\"900\" height=\"336\" \/><\/p>\n","protected":false},"excerpt":{"rendered":"<p>der erste Tag in Barcelona f\u00e4ngt im Hotel schon mit so einer Art Tequilla an. Mein Spanisch ist zwar sehr, sehr schlecht (um nicht zu sagen: nicht vorhanden) &#8211; aber wie es immer so ist, helfen mir meine Augen, meine Erfahrung und der Kontext hier weiter &#8211; das hier ist vermutlich Butter: So gest\u00e4rkt muss [&hellip;]<\/p>\n","protected":false},"author":1,"featured_media":0,"comment_status":"open","ping_status":"open","sticky":false,"template":"","format":"standard","meta":{"activitypub_content_warning":"","activitypub_content_visibility":"","activitypub_max_image_attachments":4,"activitypub_interaction_policy_quote":"anyone","activitypub_status":"","footnotes":""},"categories":[4,36,5],"tags":[],"class_list":["post-3747","post","type-post","status-publish","format-standard","hentry","category-n-bild","category-barcelona","category-gedanken"],"_links":{"self":[{"href":"https:\/\/mega-stoffel.de\/weblog\/wp-json\/wp\/v2\/posts\/3747","targetHints":{"allow":["GET"]}}],"collection":[{"href":"https:\/\/mega-stoffel.de\/weblog\/wp-json\/wp\/v2\/posts"}],"about":[{"href":"https:\/\/mega-stoffel.de\/weblog\/wp-json\/wp\/v2\/types\/post"}],"author":[{"embeddable":true,"href":"https:\/\/mega-stoffel.de\/weblog\/wp-json\/wp\/v2\/users\/1"}],"replies":[{"embeddable":true,"href":"https:\/\/mega-stoffel.de\/weblog\/wp-json\/wp\/v2\/comments?post=3747"}],"version-history":[{"count":0,"href":"https:\/\/mega-stoffel.de\/weblog\/wp-json\/wp\/v2\/posts\/3747\/revisions"}],"wp:attachment":[{"href":"https:\/\/mega-stoffel.de\/weblog\/wp-json\/wp\/v2\/media?parent=3747"}],"wp:term":[{"taxonomy":"category","embeddable":true,"href":"https:\/\/mega-stoffel.de\/weblog\/wp-json\/wp\/v2\/categories?post=3747"},{"taxonomy":"post_tag","embeddable":true,"href":"https:\/\/mega-stoffel.de\/weblog\/wp-json\/wp\/v2\/tags?post=3747"}],"curies":[{"name":"wp","href":"https:\/\/api.w.org\/{rel}","templated":true}]}}