{"id":3881,"date":"2014-12-05T17:40:58","date_gmt":"2014-12-05T16:40:58","guid":{"rendered":"http:\/\/www.mega-stoffel.de\/weblog\/?p=3881"},"modified":"2014-12-05T17:40:58","modified_gmt":"2014-12-05T16:40:58","slug":"galerie-im-merlin","status":"publish","type":"post","link":"https:\/\/mega-stoffel.de\/weblog\/2014\/12\/05\/galerie-im-merlin\/","title":{"rendered":"Galerie im Merlin"},"content":{"rendered":"<p>im August gab es ja eine Ausstellung mit den vorher\/nachher-<a title=\"Ausstellung der vorher\/nachher Bilder\" href=\"http:\/\/www.mega-stoffel.de\/weblog\/?p=3593\" target=\"_blank\">Bildern<\/a>\u00a0im Merlin mit einem ziemlichen Presse-Rummel. Dazu mussten aber die bisherigen\u00a0Bilder abgeh\u00e4ngt werden. Und weil es jetzt mal wieder Zeit f\u00fcr Ver\u00e4nderung war, wurden eben neue Bilder ausgesucht und diese wieder an die Wand geh\u00e4ngt. Bis sie allerdings hingen, gab es noch ein wildes Hin- und Hergeschiebe auf dem Boden um die &#8222;beste&#8220; Anordnung zu finden&#8230;.<br \/>\n<img loading=\"lazy\" decoding=\"async\" class=\"alignnone size-full wp-image-3882\" src=\"http:\/\/www.mega-stoffel.de\/weblog\/wp-content\/uploads\/2014\/12\/Galerie.jpg\" alt=\"Vorbereitungen zur Galerie\" width=\"900\" height=\"311\" \/><\/p>\n","protected":false},"excerpt":{"rendered":"<p>im August gab es ja eine Ausstellung mit den vorher\/nachher-Bildern\u00a0im Merlin mit einem ziemlichen Presse-Rummel. Dazu mussten aber die bisherigen\u00a0Bilder abgeh\u00e4ngt werden. Und weil es jetzt mal wieder Zeit f\u00fcr Ver\u00e4nderung war, wurden eben neue Bilder ausgesucht und diese wieder an die Wand geh\u00e4ngt. Bis sie allerdings hingen, gab es noch ein wildes Hin- und [&hellip;]<\/p>\n","protected":false},"author":1,"featured_media":0,"comment_status":"open","ping_status":"open","sticky":false,"template":"","format":"standard","meta":{"activitypub_content_warning":"","activitypub_content_visibility":"","activitypub_max_image_attachments":4,"activitypub_interaction_policy_quote":"anyone","activitypub_status":"","footnotes":""},"categories":[4,5,11],"tags":[],"class_list":["post-3881","post","type-post","status-publish","format-standard","hentry","category-n-bild","category-gedanken","category-veranderungen"],"_links":{"self":[{"href":"https:\/\/mega-stoffel.de\/weblog\/wp-json\/wp\/v2\/posts\/3881","targetHints":{"allow":["GET"]}}],"collection":[{"href":"https:\/\/mega-stoffel.de\/weblog\/wp-json\/wp\/v2\/posts"}],"about":[{"href":"https:\/\/mega-stoffel.de\/weblog\/wp-json\/wp\/v2\/types\/post"}],"author":[{"embeddable":true,"href":"https:\/\/mega-stoffel.de\/weblog\/wp-json\/wp\/v2\/users\/1"}],"replies":[{"embeddable":true,"href":"https:\/\/mega-stoffel.de\/weblog\/wp-json\/wp\/v2\/comments?post=3881"}],"version-history":[{"count":0,"href":"https:\/\/mega-stoffel.de\/weblog\/wp-json\/wp\/v2\/posts\/3881\/revisions"}],"wp:attachment":[{"href":"https:\/\/mega-stoffel.de\/weblog\/wp-json\/wp\/v2\/media?parent=3881"}],"wp:term":[{"taxonomy":"category","embeddable":true,"href":"https:\/\/mega-stoffel.de\/weblog\/wp-json\/wp\/v2\/categories?post=3881"},{"taxonomy":"post_tag","embeddable":true,"href":"https:\/\/mega-stoffel.de\/weblog\/wp-json\/wp\/v2\/tags?post=3881"}],"curies":[{"name":"wp","href":"https:\/\/api.w.org\/{rel}","templated":true}]}}