{"id":3980,"date":"2015-01-19T22:45:00","date_gmt":"2015-01-19T21:45:00","guid":{"rendered":"http:\/\/www.mega-stoffel.de\/weblog\/?p=3980"},"modified":"2015-01-19T22:45:00","modified_gmt":"2015-01-19T21:45:00","slug":"pop-freaks-2","status":"publish","type":"post","link":"https:\/\/mega-stoffel.de\/weblog\/2015\/01\/19\/pop-freaks-2\/","title":{"rendered":"Pop Freaks"},"content":{"rendered":"<p>letztes Jahr war ich dummerweise bei den meisten Pop Freaks Konzerten in Australien. Dieses Jahr werde ich das aber besser machen und zu allen Veranstaltungen (da sind auch ein paar Lesungen dabei) hingehen. Gerade im Januar ist das ganze kulturelle Leben in Stuttgart sowieso etwas am Boden, da muss man sich vermutlich auch selten gegen eine andere gute Veranstaltung entscheiden; zur Sicherheit schaue ich aber lieber trotzdem nicht. ;~)<br \/>\nIm ersten Schwung sind diese drei Veranstaltungen dabei gewesen:<br \/>\n&#8211; Der Nino aus Wien &#8211; hier der zugeh\u00f6rige gig-blog <a title=\"Der Nino aus Wien-Konzertbesprechung beim gig-blog\" href=\"http:\/\/www.gig-blog.net\/2015\/01\/18\/der-nino-aus-wien-16-01-2015-merlin-stuttgart\/\" target=\"_blank\">Bericht<\/a> mit Bildern von mir<br \/>\n&#8211; Klaus Johann Grobe + JFR Moon &#8211; auch hierzu gibt es einen gig-blog <a title=\"Klaus Johann Grobe beim gig-blog\" href=\"http:\/\/www.gig-blog.net\/2015\/01\/19\/jfr-moon-klaus-johann-grobe-17-01-2014-merlin-stuttgart\/\" target=\"_blank\">Bericht<\/a> mit Bildern von mir<br \/>\n&#8211; Lesung mit Gereon Klug, a.k.a. Hans E. Platte &#8211; und selbstverst\u00e4ndlich gibt es einen gig-blog <a title=\"der gig-blog \u00fcber die Gereon Klug Lesung\" href=\"http:\/\/www.gig-blog.net\/2015\/01\/19\/gereon-klug-18-01-2015-merlin-stuttgart\/\" target=\"_blank\">Bericht<\/a> mit &#8211; dreimal d\u00fcrft ihr raten, wer die Fotos\u00a0gemacht hat&#8230;.<br \/>\nWenn die Veranstaltungen\u00a0t\u00e4glich reinflattern, ich nebenbei noch im B\u00fcro sitze und dazwischen auch noch die Fotos bearbeiten und abgeben muss, bleibt nat\u00fcrlich keine Zeit, sich irgendwie vorzubereiten. Das muss ja aber auch gar nicht sein, da sowieso schon alles gut sein wird. Und diese Gereon Klug Lesung hat mich echt \u00fcberrascht &#8211; das war das erste Mal, dass ich eine Lesung wirklich witzig fand und der Typ ist sehr sympatisch (und ich hatte bisher\u00a0noch nie was von ihm geh\u00f6rt, tststs).<br \/>\n<img loading=\"lazy\" decoding=\"async\" class=\"alignnone size-full wp-image-3981\" src=\"http:\/\/www.mega-stoffel.de\/weblog\/wp-content\/uploads\/2015\/02\/GereonKlug.jpg\" alt=\"Gereon Klug bei seiner (fast) ausverkauften Lesung\" width=\"900\" height=\"900\" \/><\/p>\n","protected":false},"excerpt":{"rendered":"<p>letztes Jahr war ich dummerweise bei den meisten Pop Freaks Konzerten in Australien. Dieses Jahr werde ich das aber besser machen und zu allen Veranstaltungen (da sind auch ein paar Lesungen dabei) hingehen. Gerade im Januar ist das ganze kulturelle Leben in Stuttgart sowieso etwas am Boden, da muss man sich vermutlich auch selten gegen [&hellip;]<\/p>\n","protected":false},"author":1,"featured_media":0,"comment_status":"open","ping_status":"open","sticky":false,"template":"","format":"standard","meta":{"activitypub_content_warning":"","activitypub_content_visibility":"","activitypub_max_image_attachments":4,"activitypub_interaction_policy_quote":"anyone","activitypub_status":"","footnotes":""},"categories":[4,5,9,8],"tags":[],"class_list":["post-3980","post","type-post","status-publish","format-standard","hentry","category-n-bild","category-gedanken","category-links","category-sounds-from-trash"],"_links":{"self":[{"href":"https:\/\/mega-stoffel.de\/weblog\/wp-json\/wp\/v2\/posts\/3980","targetHints":{"allow":["GET"]}}],"collection":[{"href":"https:\/\/mega-stoffel.de\/weblog\/wp-json\/wp\/v2\/posts"}],"about":[{"href":"https:\/\/mega-stoffel.de\/weblog\/wp-json\/wp\/v2\/types\/post"}],"author":[{"embeddable":true,"href":"https:\/\/mega-stoffel.de\/weblog\/wp-json\/wp\/v2\/users\/1"}],"replies":[{"embeddable":true,"href":"https:\/\/mega-stoffel.de\/weblog\/wp-json\/wp\/v2\/comments?post=3980"}],"version-history":[{"count":0,"href":"https:\/\/mega-stoffel.de\/weblog\/wp-json\/wp\/v2\/posts\/3980\/revisions"}],"wp:attachment":[{"href":"https:\/\/mega-stoffel.de\/weblog\/wp-json\/wp\/v2\/media?parent=3980"}],"wp:term":[{"taxonomy":"category","embeddable":true,"href":"https:\/\/mega-stoffel.de\/weblog\/wp-json\/wp\/v2\/categories?post=3980"},{"taxonomy":"post_tag","embeddable":true,"href":"https:\/\/mega-stoffel.de\/weblog\/wp-json\/wp\/v2\/tags?post=3980"}],"curies":[{"name":"wp","href":"https:\/\/api.w.org\/{rel}","templated":true}]}}