{"id":4030,"date":"2015-02-28T23:45:52","date_gmt":"2015-02-28T22:45:52","guid":{"rendered":"http:\/\/www.mega-stoffel.de\/weblog\/?p=4030"},"modified":"2015-02-28T23:45:52","modified_gmt":"2015-02-28T22:45:52","slug":"annenmaykantereit","status":"publish","type":"post","link":"https:\/\/mega-stoffel.de\/weblog\/2015\/02\/28\/annenmaykantereit\/","title":{"rendered":"AnnenMayKantereit"},"content":{"rendered":"<p>ich muss ehrlich zugeben, dass ich von AnnenMayKantereit noch \u00fcberhaupt nichts geh\u00f6rt habe. Als mein Bruder fragte, wo er denn Tickets herbekommen k\u00f6nne, habe ich mir das mal ein bisschen angeschaut. Das Konzert wurde schon vor Wochen vom Keller Klub in die Wagenhallen &#8222;hochverlegt&#8220; &#8211; und selbst dort ist es schon lange\u00a0ausverkauft gewesen. Schau an, ein Hype von dem ich nichts mitbekommen habe. Ein gig-blog Autor steht in unserer Liste, aber kein Fotograf. Das Konkurrenz-Konzert, wo ich sonst hin gegangen w\u00e4re, war Max Prosa (den ich schon mal gesehen habe). Ich entscheide mich jedoch f\u00fcr den Hype und AMK (wie die Fans vermutlich sagen).<br \/>\n<img loading=\"lazy\" decoding=\"async\" class=\"alignnone size-full wp-image-4031\" src=\"http:\/\/www.mega-stoffel.de\/weblog\/wp-content\/uploads\/2015\/03\/AnnenMayKantereit-12.jpg\" alt=\"AnnenMayKantereit in den Stuttgarter Wagenhallen\" width=\"490\" height=\"735\" \/><br \/>\nDer \u00fcberraschende Effekt, die Stimme des S\u00e4ngers (<a title=\"youtube: AnnenMayKantereit - Oft gefragt\" href=\"https:\/\/www.youtube.com\/watch?v=KG9-jSqXz4U\" target=\"_blank\">youtube<\/a>), h\u00e4lt f\u00fcr ein paar Lieder an. Aber den ganzen Abend bin ich davon nicht gefangen. Mir haben die Lieder der Vorband Von wegen Lisbeth vielleicht sogar noch etwas besser\u00a0gefallen. Beim gig-blog gibt&#8217;s nat\u00fcrlich den &#8222;richtigen&#8220; <a title=\"der gig-blog \u00fcber AnnenMayKantereit\" href=\"http:\/\/www.gig-blog.net\/2015\/03\/04\/annenmaykantereit-von-wegen-lisbeth-28-02-2015-wagenhallen-stuttgart\/\" target=\"_blank\">Bericht<\/a> mit mehr Bildern. Es gibt auf jeden Fall\u00a0eine\u00a0Anekdote zu erz\u00e4hlen: sie spielten\u00a0ein improvisiertes St\u00fcck, bei dem alle Handy-FilmerInnen ziemlich deutlich dazu aufgefordert wurden, die Handys weg zu stecken und das Konzert &#8222;richtig&#8220; zu erleben; vor allem weil man sich diese Bilder\/Videos (sie sind ja sowieso schei\u00dfe) nie wieder anschauen wird. Nat\u00fcrlich habe ich diesen Moment auch getwittert &#8211; das Bild schaue ich auch kaum noch an, ist jetzt aber &#8211; euphemistisch gedacht &#8211; digitale Zeitgeschichte. Die \u00fcberwiegende Mehrheit des Publikums hat sich tats\u00e4chlich daran gehalten.<\/p>\n<p>Danach habe ich es sogar noch zur Zugabe von Max Prosa geschafft und der hatte Alin Coen als \u00dcberraschungsgast dabei. Ich w\u00fcnsche den AMK-Jungs, dass ihr Hype noch l\u00e4nger weitergeht &#8211; das wird allerdings vermutlich ohne mich geschehen.<br \/>\n<img loading=\"lazy\" decoding=\"async\" class=\"alignnone size-full wp-image-4032\" src=\"http:\/\/www.mega-stoffel.de\/weblog\/wp-content\/uploads\/2015\/03\/MaxProsa-AlinCoen.jpg\" alt=\"Max Prosa &amp; Alin Coen\" width=\"900\" height=\"604\" \/><\/p>\n","protected":false},"excerpt":{"rendered":"<p>ich muss ehrlich zugeben, dass ich von AnnenMayKantereit noch \u00fcberhaupt nichts geh\u00f6rt habe. Als mein Bruder fragte, wo er denn Tickets herbekommen k\u00f6nne, habe ich mir das mal ein bisschen angeschaut. Das Konzert wurde schon vor Wochen vom Keller Klub in die Wagenhallen &#8222;hochverlegt&#8220; &#8211; und selbst dort ist es schon lange\u00a0ausverkauft gewesen. Schau an, [&hellip;]<\/p>\n","protected":false},"author":1,"featured_media":0,"comment_status":"open","ping_status":"open","sticky":false,"template":"","format":"standard","meta":{"activitypub_content_warning":"","activitypub_content_visibility":"","activitypub_max_image_attachments":4,"activitypub_interaction_policy_quote":"anyone","activitypub_status":"","footnotes":""},"categories":[4,5,8],"tags":[],"class_list":["post-4030","post","type-post","status-publish","format-standard","hentry","category-n-bild","category-gedanken","category-sounds-from-trash"],"_links":{"self":[{"href":"https:\/\/mega-stoffel.de\/weblog\/wp-json\/wp\/v2\/posts\/4030","targetHints":{"allow":["GET"]}}],"collection":[{"href":"https:\/\/mega-stoffel.de\/weblog\/wp-json\/wp\/v2\/posts"}],"about":[{"href":"https:\/\/mega-stoffel.de\/weblog\/wp-json\/wp\/v2\/types\/post"}],"author":[{"embeddable":true,"href":"https:\/\/mega-stoffel.de\/weblog\/wp-json\/wp\/v2\/users\/1"}],"replies":[{"embeddable":true,"href":"https:\/\/mega-stoffel.de\/weblog\/wp-json\/wp\/v2\/comments?post=4030"}],"version-history":[{"count":0,"href":"https:\/\/mega-stoffel.de\/weblog\/wp-json\/wp\/v2\/posts\/4030\/revisions"}],"wp:attachment":[{"href":"https:\/\/mega-stoffel.de\/weblog\/wp-json\/wp\/v2\/media?parent=4030"}],"wp:term":[{"taxonomy":"category","embeddable":true,"href":"https:\/\/mega-stoffel.de\/weblog\/wp-json\/wp\/v2\/categories?post=4030"},{"taxonomy":"post_tag","embeddable":true,"href":"https:\/\/mega-stoffel.de\/weblog\/wp-json\/wp\/v2\/tags?post=4030"}],"curies":[{"name":"wp","href":"https:\/\/api.w.org\/{rel}","templated":true}]}}