{"id":4072,"date":"2015-03-17T13:35:43","date_gmt":"2015-03-17T12:35:43","guid":{"rendered":"http:\/\/www.mega-stoffel.de\/weblog\/?p=4072"},"modified":"2015-03-17T13:35:43","modified_gmt":"2015-03-17T12:35:43","slug":"lunch-konzert","status":"publish","type":"post","link":"https:\/\/mega-stoffel.de\/weblog\/2015\/03\/17\/lunch-konzert\/","title":{"rendered":"Lunch-Konzert"},"content":{"rendered":"<p><img loading=\"lazy\" decoding=\"async\" class=\"alignnone size-full wp-image-4074\" src=\"http:\/\/www.mega-stoffel.de\/weblog\/wp-content\/uploads\/2015\/04\/Lunchkonzert.jpg\" alt=\"Lunchkonzert in der Stuttgarter Oper\" width=\"900\" height=\"308\" \/>nach dem Mittagspausen-Konzert in der letzten Woche, habe ich f\u00fcr heute gleich wieder eine Besch\u00e4ftigung f\u00fcr die Mittagspause gefunden. Diesmal nicht in einem Plattenladen, sondern im Foyer des gro\u00dfen Hauses der Stuttgarter Oper. \u00dcberraschend f\u00fcr mich war, dass es bis auf den letzten Platz gef\u00fcllt war.<br \/>\nMit dieser Musik konnte ich nicht so viel anfangen. Aber da es nur eine halbe Stunde geht, kann man sich schon mal auf &#8222;etwas neues&#8220; einlassen. Vermutlich werde ich diese Konzertreihe im Hinterkopf behalten und bei den n\u00e4chsten Veranstaltungen wieder versuchen, teilzunehmen.<br \/>\n<img loading=\"lazy\" decoding=\"async\" class=\"alignnone size-full wp-image-4073\" src=\"http:\/\/www.mega-stoffel.de\/weblog\/wp-content\/uploads\/2015\/04\/Lunchkonzert-2.jpg\" alt=\"Lunchkonzert in der Stuttgarter Oper\" width=\"900\" height=\"1324\" \/><\/p>\n","protected":false},"excerpt":{"rendered":"<p>nach dem Mittagspausen-Konzert in der letzten Woche, habe ich f\u00fcr heute gleich wieder eine Besch\u00e4ftigung f\u00fcr die Mittagspause gefunden. Diesmal nicht in einem Plattenladen, sondern im Foyer des gro\u00dfen Hauses der Stuttgarter Oper. \u00dcberraschend f\u00fcr mich war, dass es bis auf den letzten Platz gef\u00fcllt war. Mit dieser Musik konnte ich nicht so viel anfangen. [&hellip;]<\/p>\n","protected":false},"author":1,"featured_media":0,"comment_status":"open","ping_status":"open","sticky":false,"template":"","format":"standard","meta":{"activitypub_content_warning":"","activitypub_content_visibility":"","activitypub_max_image_attachments":4,"activitypub_interaction_policy_quote":"anyone","activitypub_status":"","footnotes":""},"categories":[5,8],"tags":[],"class_list":["post-4072","post","type-post","status-publish","format-standard","hentry","category-gedanken","category-sounds-from-trash"],"_links":{"self":[{"href":"https:\/\/mega-stoffel.de\/weblog\/wp-json\/wp\/v2\/posts\/4072","targetHints":{"allow":["GET"]}}],"collection":[{"href":"https:\/\/mega-stoffel.de\/weblog\/wp-json\/wp\/v2\/posts"}],"about":[{"href":"https:\/\/mega-stoffel.de\/weblog\/wp-json\/wp\/v2\/types\/post"}],"author":[{"embeddable":true,"href":"https:\/\/mega-stoffel.de\/weblog\/wp-json\/wp\/v2\/users\/1"}],"replies":[{"embeddable":true,"href":"https:\/\/mega-stoffel.de\/weblog\/wp-json\/wp\/v2\/comments?post=4072"}],"version-history":[{"count":0,"href":"https:\/\/mega-stoffel.de\/weblog\/wp-json\/wp\/v2\/posts\/4072\/revisions"}],"wp:attachment":[{"href":"https:\/\/mega-stoffel.de\/weblog\/wp-json\/wp\/v2\/media?parent=4072"}],"wp:term":[{"taxonomy":"category","embeddable":true,"href":"https:\/\/mega-stoffel.de\/weblog\/wp-json\/wp\/v2\/categories?post=4072"},{"taxonomy":"post_tag","embeddable":true,"href":"https:\/\/mega-stoffel.de\/weblog\/wp-json\/wp\/v2\/tags?post=4072"}],"curies":[{"name":"wp","href":"https:\/\/api.w.org\/{rel}","templated":true}]}}