{"id":4177,"date":"2015-04-22T23:50:28","date_gmt":"2015-04-22T21:50:28","guid":{"rendered":"http:\/\/www.mega-stoffel.de\/weblog\/?p=4177"},"modified":"2015-04-22T23:50:28","modified_gmt":"2015-04-22T21:50:28","slug":"anne-clark","status":"publish","type":"post","link":"https:\/\/mega-stoffel.de\/weblog\/2015\/04\/22\/anne-clark\/","title":{"rendered":"Anne Clark"},"content":{"rendered":"<p>und weiter geht&#8217;s mit den Konzerten, heute Anne Clark in der Liederhalle. Meine Planung hat nicht so ganz funktioniert, ich komme lediglich drei Minuten vor dem Konzertbeginn dort an. Da es eben die Liederhalle und kein Jugendhauskeller ist, wird das Konzert hier 1. p\u00fcnktlich anfangen und 2. ich vermutlich nur kurz am Anfang fotografieren d\u00fcrfen.<br \/>\nTats\u00e4chlich ist es so &#8211; aber vorher\u00a0wird mir erst noch ein Foto-Vertrag unter die Nase gehalten, den ich unterschreiben muss. Ein kurzes \u00dcberfliegen der einen Seite (puh) l\u00e4sst mich nicht allzu kritisch werden, ich solle halt irgendwann mal Fotos abgeben, das w\u00fcrde die K\u00fcnstlerin freuen. Allerdings kriege ich keinen Durchschlag davon, weil &#8222;man wird sich bei mir melden&#8220;. Aha, nagut &#8211; in Anbetracht der fortgeschrittenen Zeit diskutiere ich nicht lange, unterschreibe und fotografiere. W\u00e4hrend des Konzerts denke ich mir nur: Wie gut, dass ich kein Autor bin &#8211; denn hier w\u00fcsste ich \u00fcberhaupt nicht, was ich schreiben soll (der schrieb <a href=\"http:\/\/www.gig-blog.net\/2015\/04\/24\/anne-clark-22-04-2015-liederhalle-stuttgart\/\" target=\"_blank\">das<\/a>). Ich h\u00e4tte wohl irgendwas von langweilig und eint\u00f6nig verwenden m\u00fcssen &#8211; die vertonten englischen Gedichte habe ich leider auch nicht verstanden.<br \/>\nIm Hinterkopf schwirrte auch st\u00e4ndig noch dieser Foto-Vertrag rum und mein Zweifel, ob ich in der Situation alles richtig gemacht habe&#8230;.<br \/>\n<img loading=\"lazy\" decoding=\"async\" class=\"alignnone size-full wp-image-4180\" src=\"http:\/\/www.mega-stoffel.de\/weblog\/wp-content\/uploads\/2015\/05\/AnneClark-05.jpg\" alt=\"Anne Clark in der Stuttgarter Liederhalle\" width=\"1000\" height=\"667\" \/><\/p>\n","protected":false},"excerpt":{"rendered":"<p>und weiter geht&#8217;s mit den Konzerten, heute Anne Clark in der Liederhalle. Meine Planung hat nicht so ganz funktioniert, ich komme lediglich drei Minuten vor dem Konzertbeginn dort an. Da es eben die Liederhalle und kein Jugendhauskeller ist, wird das Konzert hier 1. p\u00fcnktlich anfangen und 2. ich vermutlich nur kurz am Anfang fotografieren d\u00fcrfen. [&hellip;]<\/p>\n","protected":false},"author":1,"featured_media":0,"comment_status":"open","ping_status":"open","sticky":false,"template":"","format":"standard","meta":{"activitypub_content_warning":"","activitypub_content_visibility":"","activitypub_max_image_attachments":4,"activitypub_interaction_policy_quote":"anyone","activitypub_status":"","footnotes":""},"categories":[4,5,8],"tags":[],"class_list":["post-4177","post","type-post","status-publish","format-standard","hentry","category-n-bild","category-gedanken","category-sounds-from-trash"],"_links":{"self":[{"href":"https:\/\/mega-stoffel.de\/weblog\/wp-json\/wp\/v2\/posts\/4177","targetHints":{"allow":["GET"]}}],"collection":[{"href":"https:\/\/mega-stoffel.de\/weblog\/wp-json\/wp\/v2\/posts"}],"about":[{"href":"https:\/\/mega-stoffel.de\/weblog\/wp-json\/wp\/v2\/types\/post"}],"author":[{"embeddable":true,"href":"https:\/\/mega-stoffel.de\/weblog\/wp-json\/wp\/v2\/users\/1"}],"replies":[{"embeddable":true,"href":"https:\/\/mega-stoffel.de\/weblog\/wp-json\/wp\/v2\/comments?post=4177"}],"version-history":[{"count":0,"href":"https:\/\/mega-stoffel.de\/weblog\/wp-json\/wp\/v2\/posts\/4177\/revisions"}],"wp:attachment":[{"href":"https:\/\/mega-stoffel.de\/weblog\/wp-json\/wp\/v2\/media?parent=4177"}],"wp:term":[{"taxonomy":"category","embeddable":true,"href":"https:\/\/mega-stoffel.de\/weblog\/wp-json\/wp\/v2\/categories?post=4177"},{"taxonomy":"post_tag","embeddable":true,"href":"https:\/\/mega-stoffel.de\/weblog\/wp-json\/wp\/v2\/tags?post=4177"}],"curies":[{"name":"wp","href":"https:\/\/api.w.org\/{rel}","templated":true}]}}