{"id":4384,"date":"2015-09-27T16:20:19","date_gmt":"2015-09-27T14:20:19","guid":{"rendered":"http:\/\/www.mega-stoffel.de\/weblog\/?p=4384"},"modified":"2015-09-27T16:20:19","modified_gmt":"2015-09-27T14:20:19","slug":"vermutlich-letzte-radtour","status":"publish","type":"post","link":"https:\/\/mega-stoffel.de\/weblog\/2015\/09\/27\/vermutlich-letzte-radtour\/","title":{"rendered":"vermutlich letzte Radtour"},"content":{"rendered":"<p>die <a href=\"https:\/\/de.wikipedia.org\/wiki\/Radtourenfahren\" target=\"_blank\">RTF<\/a>-Saison geht zu Ende. Heute ist die letzte Tour in BW angesetzt. Ich habe es tats\u00e4chlich geschafft, p\u00fcnktlich daf\u00fcr aufzustehen. Aber ich merke schon, dass das heute keine gute Fahrt werden kann, daf\u00fcr habe ich einfach viel zu wenig geschlafen. Teilweise denke ich auch, dass ich noch tr\u00e4ume, z.B. als ich auf 500m H\u00f6he und nat\u00fcrlich keinem Gew\u00e4sser weit und breit diesen &#8222;Leuchtturm&#8220; gesehen habe.<br \/>\n<img loading=\"lazy\" decoding=\"async\" class=\"alignnone size-full wp-image-4385\" src=\"http:\/\/www.mega-stoffel.de\/weblog\/wp-content\/uploads\/2015\/09\/Radtour.jpg\" alt=\"Leuchtturm auf der letzten Radtour 2015\" width=\"899\" height=\"604\" \/><br \/>\nKurz darauf kam ich in einem Ort Rattenharz vorbei &#8211; auch nicht getr\u00e4umt. Davon habe ich zwar keine Bild, aber man kann ihn in jedem online-Atlas finden. Auch der nervige Gegenwind war leider nicht getr\u00e4umt.\u00a0Irgendwann ging dann aber auch diese Tour zu Ende (Link zu <a href=\"https:\/\/www.strava.com\/activities\/401287105\/overview\" target=\"_blank\">Strava<\/a>) und ich habe die Stuttgarter Pop Up Bakery auf dem obersten Parkdeck der Ebene 0 besucht um mir dort einen Belohnungs-Apfelkuchen auszusuchen (ganz rechts in dieser Ausstellung).<img loading=\"lazy\" decoding=\"async\" class=\"alignnone size-full wp-image-4386\" src=\"http:\/\/www.mega-stoffel.de\/weblog\/wp-content\/uploads\/2015\/09\/Radtour-2.jpg\" alt=\"Belohnung nach der letzten Radtour\" width=\"900\" height=\"570\" \/><\/p>\n","protected":false},"excerpt":{"rendered":"<p>die RTF-Saison geht zu Ende. Heute ist die letzte Tour in BW angesetzt. Ich habe es tats\u00e4chlich geschafft, p\u00fcnktlich daf\u00fcr aufzustehen. Aber ich merke schon, dass das heute keine gute Fahrt werden kann, daf\u00fcr habe ich einfach viel zu wenig geschlafen. Teilweise denke ich auch, dass ich noch tr\u00e4ume, z.B. als ich auf 500m H\u00f6he [&hellip;]<\/p>\n","protected":false},"author":1,"featured_media":0,"comment_status":"open","ping_status":"open","sticky":false,"template":"","format":"standard","meta":{"activitypub_content_warning":"","activitypub_content_visibility":"","activitypub_max_image_attachments":4,"activitypub_interaction_policy_quote":"anyone","activitypub_status":"","footnotes":""},"categories":[4,5,16],"tags":[],"class_list":["post-4384","post","type-post","status-publish","format-standard","hentry","category-n-bild","category-gedanken","category-sport"],"_links":{"self":[{"href":"https:\/\/mega-stoffel.de\/weblog\/wp-json\/wp\/v2\/posts\/4384","targetHints":{"allow":["GET"]}}],"collection":[{"href":"https:\/\/mega-stoffel.de\/weblog\/wp-json\/wp\/v2\/posts"}],"about":[{"href":"https:\/\/mega-stoffel.de\/weblog\/wp-json\/wp\/v2\/types\/post"}],"author":[{"embeddable":true,"href":"https:\/\/mega-stoffel.de\/weblog\/wp-json\/wp\/v2\/users\/1"}],"replies":[{"embeddable":true,"href":"https:\/\/mega-stoffel.de\/weblog\/wp-json\/wp\/v2\/comments?post=4384"}],"version-history":[{"count":0,"href":"https:\/\/mega-stoffel.de\/weblog\/wp-json\/wp\/v2\/posts\/4384\/revisions"}],"wp:attachment":[{"href":"https:\/\/mega-stoffel.de\/weblog\/wp-json\/wp\/v2\/media?parent=4384"}],"wp:term":[{"taxonomy":"category","embeddable":true,"href":"https:\/\/mega-stoffel.de\/weblog\/wp-json\/wp\/v2\/categories?post=4384"},{"taxonomy":"post_tag","embeddable":true,"href":"https:\/\/mega-stoffel.de\/weblog\/wp-json\/wp\/v2\/tags?post=4384"}],"curies":[{"name":"wp","href":"https:\/\/api.w.org\/{rel}","templated":true}]}}