{"id":481,"date":"2008-02-17T18:50:13","date_gmt":"2008-02-17T17:50:13","guid":{"rendered":"http:\/\/www.mega-stoffel.de\/weblog\/?p=481"},"modified":"2008-02-17T18:50:13","modified_gmt":"2008-02-17T17:50:13","slug":"17-februar","status":"publish","type":"post","link":"https:\/\/mega-stoffel.de\/weblog\/2008\/02\/17\/17-februar\/","title":{"rendered":"17. Februar"},"content":{"rendered":"<p>da war doch was. Genau &#8211; und zwar im Jahre 2001 unser &#8222;Anti-Handy-Tag&#8220;.<br \/>\nDie ganze Aktion ist auch hier <a href=\"http:\/\/www.mega-stoffel.de\/handykiller.php\" title=\"Anti-Handy-Tag - die echten Handy-Killer!\" target=\"_blank\">verlinkt<\/a>. (ohoh &#8211; an der Seite sollte ich auch mal wieder Hand anlegen)<br \/>\nNaja, die Zeiten haben sich ge\u00e4ndert und auch wir sind mittlerweile alle im Besitz (mindestens) eines dieser Mobiltelefone.<br \/>\nAls interessante Geschichte dazu k\u00f6nnte ich ja noch anmerken, dass sogar mal die <a href=\"http:\/\/www.polylux.tv\" title=\"Homepage des Polylux Magazins mit der Tita\" target=\"_blank\">Polylux<\/a> Redaktion einen Beitrag \u00fcber Handy-Gegner in der heutigen Zeit gemacht hat. Im Zuge der Recherche wurde ich sogar mal angerufen. Und wenn uns damals nicht so eine gro\u00dfe Distanz getrennt h\u00e4tte, dann w\u00e4ren wir vielleicht sogar im TV gekommen. So haben sie lieber Menschen aus Berlin &#8222;live&#8220; interviewt anstatt uns aus S\u00fcddeutschland einfliegen zu lassen.<\/p>\n","protected":false},"excerpt":{"rendered":"<p>da war doch was. Genau &#8211; und zwar im Jahre 2001 unser &#8222;Anti-Handy-Tag&#8220;. Die ganze Aktion ist auch hier verlinkt. (ohoh &#8211; an der Seite sollte ich auch mal wieder Hand anlegen) Naja, die Zeiten haben sich ge\u00e4ndert und auch wir sind mittlerweile alle im Besitz (mindestens) eines dieser Mobiltelefone. Als interessante Geschichte dazu k\u00f6nnte [&hellip;]<\/p>\n","protected":false},"author":1,"featured_media":0,"comment_status":"open","ping_status":"open","sticky":false,"template":"","format":"standard","meta":{"activitypub_content_warning":"","activitypub_content_visibility":"","activitypub_max_image_attachments":4,"activitypub_interaction_policy_quote":"anyone","activitypub_status":"","footnotes":""},"categories":[5],"tags":[],"class_list":["post-481","post","type-post","status-publish","format-standard","hentry","category-gedanken"],"_links":{"self":[{"href":"https:\/\/mega-stoffel.de\/weblog\/wp-json\/wp\/v2\/posts\/481","targetHints":{"allow":["GET"]}}],"collection":[{"href":"https:\/\/mega-stoffel.de\/weblog\/wp-json\/wp\/v2\/posts"}],"about":[{"href":"https:\/\/mega-stoffel.de\/weblog\/wp-json\/wp\/v2\/types\/post"}],"author":[{"embeddable":true,"href":"https:\/\/mega-stoffel.de\/weblog\/wp-json\/wp\/v2\/users\/1"}],"replies":[{"embeddable":true,"href":"https:\/\/mega-stoffel.de\/weblog\/wp-json\/wp\/v2\/comments?post=481"}],"version-history":[{"count":0,"href":"https:\/\/mega-stoffel.de\/weblog\/wp-json\/wp\/v2\/posts\/481\/revisions"}],"wp:attachment":[{"href":"https:\/\/mega-stoffel.de\/weblog\/wp-json\/wp\/v2\/media?parent=481"}],"wp:term":[{"taxonomy":"category","embeddable":true,"href":"https:\/\/mega-stoffel.de\/weblog\/wp-json\/wp\/v2\/categories?post=481"},{"taxonomy":"post_tag","embeddable":true,"href":"https:\/\/mega-stoffel.de\/weblog\/wp-json\/wp\/v2\/tags?post=481"}],"curies":[{"name":"wp","href":"https:\/\/api.w.org\/{rel}","templated":true}]}}