{"id":4835,"date":"2016-01-25T23:55:10","date_gmt":"2016-01-25T22:55:10","guid":{"rendered":"http:\/\/www.mega-stoffel.de\/weblog\/?p=4835"},"modified":"2016-01-25T23:55:10","modified_gmt":"2016-01-25T22:55:10","slug":"was-passiert-hier","status":"publish","type":"post","link":"https:\/\/mega-stoffel.de\/weblog\/2016\/01\/25\/was-passiert-hier\/","title":{"rendered":"was passiert hier?"},"content":{"rendered":"<p>ich hatte noch nie Angst vor dem Leben hier in Deutschland. Vor guten zehn Jahren habe ich allen Freunden noch voller \u00dcberzeugung gesagt, dass wir in unseren Leben kein Krieg in Deutschland mehr erleben werden. Und uns allen war v\u00f6llig unklar, wie das dritte Reich damals entstehen konnte. Das m\u00fcsse man doch gesehen und etwas dagegen gemacht haben. Wir haben uns mit Anne Frank und der Welle besch\u00e4ftigt. [Nein, nicht das gar nicht so perfekte Lied]<br \/>\nAlles unerkl\u00e4rlich, damals. Warum haben unsere Eltern oder Gro\u00dfeltern nichts dagegen gemacht?<br \/>\nSeit geraumer Zeit habe ich das mulmige Gef\u00fchl, dass &#8222;wir&#8220; wieder dahin steuern. Hierbei meine ich dieses fiese Gemisch aus vielen kleinen Dingen. Sie sind einzeln kein gro\u00dfes Problem f\u00fcr unsere Demokratie, aber weil gerade alles zusammen kommt, eine unglaubliche Herausfoderung. Vorneweg nat\u00fcrlich diese eine radikale und populistische Partei (Fuck AfD!). Wie k\u00f6nnen diese Stammtisch-Parolen-Drescher von irgendeinem vern\u00fcnftig denkenden Menschen \u00fcberhaupt gew\u00e4hlt werden? (macht es das besser, sie zu beschimpfen?)<br \/>\nDazu noch\u00a0die schon fast t\u00e4glich passierenden rechten Anschl\u00e4ge auf alles Fremde. Ja, verdammt, es ist rechtsradikaler Terrorismus &#8211; warum wird das so selten\u00a0geschrieben? Warum \u00fcberall nur ein &#8222;vermutlich&#8220;, nur ein &#8222;eventuell&#8220;, warum wird es nie &#8222;Terror&#8220; genannt? Ich spiele gerne mal das &#8222;Was-w\u00e4re-wenn-Spiel&#8220; und drehe einfach mal die Vorzeichen um. Hui &#8211; dann w\u00e4re hier was los.<br \/>\nSeit Jahren schon bin ich Mitglied bei Reporter ohne Grenzen, weil ich finde, dass freier Journalismus eine extrem wichtige St\u00fctze unserer Gesellschaft ist, auch ohne, dass ich irgendwelche &#8222;Verbindungen&#8220; zum Journalismus habe. Wenn ich dann h\u00f6re, dass sich nicht mal mehr in &#8222;meinem&#8220; Deutschland Reporter frei bewegen k\u00f6nnen, dann ist definitiv eine\u00a0Grenze \u00fcberschritten. Das ist nur ein Beispiel f\u00fcr die schlechten Teile der Gesellschaft. Ich bin nicht ganz sicher, wie gro\u00df dieser schlechte Teil ist. Jedoch treten sie leider immer \u00f6fter \u00f6ffentlich zu Tage und genieren sich nicht mal mehr ihrer &#8222;Taten&#8220;. Blicke in das &#8222;social media&#8220;, vor allem in facebook bringt unglaublich Hass-erf\u00fcllte Seiten und Profile zu Tage. Jede \u00c4u\u00dferung von mehr oder weniger bekannten Pers\u00f6nlichkeiten wird sofort mit Hass \u00fcbersch\u00fcttet, oft\u00a0im strafbaren Bereich. Viele verweisen auf andere Plattformen, auf denen es noch viel schlimmer zugehen muss. Ich will das alles nicht mehr lesen und frage mich gleichzeitig, wo all dieser Hass herkommt. In machen (vielen?)\u00a0F\u00e4llen ist es auch vermutlich einfach nur Unverst\u00e4ndnis, weil ihre Aussagen und Handlungen eben einfach gar nicht zusammenpassen; auch eine gef\u00e4hrliche Kombination.<br \/>\nIch bef\u00fcrchte, dass all dies unsere Gesellschaft ein bisschen weiter\u00a0nach rechts r\u00fcckt, jeden Tag ein bisschen weiter. Immer weiter und weiter. Dahin, wo sicherlich <em>niemand<\/em> enden will.<\/p>\n<p>Vor Monaten habe ich diese Tendenzen schon vernommen, war mir aber nicht so sicher, ob ich es nicht alles falsch einsch\u00e4tze. Schlie\u00dflich gab es damals noch fast gar keine Mahner oder &#8222;Wehret den Anf\u00e4ngen&#8220;-Rufer. Inzwischen ist das etwas anders, eigentlich allzu offensichtlich. Und man kann, mit gen\u00fcgend offenen Augen und entsprechendem Interesse, auch viele Berichte\/Kommentare\/Meinungen \u00fcber eine sehr dunkle Zukunft durch eine erstarkte Rechte in Deutschland lesen. Ob sie pessimistisch oder eher realistisch gewesen sein werden, bleibt abzuwarten. Ich hoffe, dass es hier endlich mal stimmt, was mir immer gerne vorgeworfen wird: Pessimismus.<\/p>\n<p>Ich habe immer noch keine Angst hier in Deutschland &#8211; aber wohl f\u00fchle ich mich gerade nicht. Noch kann ich es in meiner extrem privilegierten wie zuf\u00e4lligen Situation (wei\u00df, m\u00e4nnlich, &#8222;sogar&#8220; ziemlich deutsch, relativ gesund, mit Job) hier gut aushalten. Die aktuelle Situation ist aber noch nicht ausgestanden. Zugegeben: Ich tue aktuell auch nicht viel gegen die Bedrohung von rechts. Hier und da mal eine Demo, hier und da mal ein Bild oder eine Aussage auf facebook oder twitter weiterleiten. Ab und zu\u00a0versuche ich mit meinen reduzierten sprachlichen Mitteln meine Meinung zu sagen. Letztendlich hoffe ich aber haupts\u00e4chlich darauf, dass irgendwann die &#8222;Einsicht&#8220; einkehren wird. Ob das allerdings eines Tages gereicht haben wird, werde ich, werden wir alle, nach den Wahlen sehen. Nach den n\u00e4chsten, nach den danach, nach denen danach. Irgendwann wird es hoffentlich wieder besser, denn schlechter darf es nicht mehr werden!<\/p>\n<p>Ich kann mit Worten nicht besonders gut umgehen, daher ist mir der letzte social media\u00a0Trend entgegen gekommen: #belikebill<br \/>\nEin Strichm\u00e4nnchen, urspr\u00fcnglich eben Bill, der etwas macht (oder eben nicht) und daher als recht schlau und\/oder gut dargestellt wird. Da habe ich dann auch sofort mitgemacht und versucht, die aktuell von mir empfundene Lage hier in Deutschland in wenige Worte zu packen:<br \/>\n<img loading=\"lazy\" decoding=\"async\" class=\"alignnone size-full wp-image-4836\" src=\"http:\/\/www.mega-stoffel.de\/weblog\/wp-content\/uploads\/2016\/02\/DeutscherMichel.png\" alt=\"Deutscher Michel und das Grundgesetz #belikebill\" width=\"1280\" height=\"800\" \/><\/p>\n","protected":false},"excerpt":{"rendered":"<p>ich hatte noch nie Angst vor dem Leben hier in Deutschland. Vor guten zehn Jahren habe ich allen Freunden noch voller \u00dcberzeugung gesagt, dass wir in unseren Leben kein Krieg in Deutschland mehr erleben werden. Und uns allen war v\u00f6llig unklar, wie das dritte Reich damals entstehen konnte. Das m\u00fcsse man doch gesehen und etwas [&hellip;]<\/p>\n","protected":false},"author":1,"featured_media":0,"comment_status":"open","ping_status":"open","sticky":false,"template":"","format":"standard","meta":{"activitypub_content_warning":"","activitypub_content_visibility":"","activitypub_max_image_attachments":4,"activitypub_interaction_policy_quote":"anyone","activitypub_status":"","footnotes":""},"categories":[4,5,37,6],"tags":[49],"class_list":["post-4835","post","type-post","status-publish","format-standard","hentry","category-n-bild","category-gedanken","category-imagine","category-nicht-nachmachen","tag-belikebill"],"_links":{"self":[{"href":"https:\/\/mega-stoffel.de\/weblog\/wp-json\/wp\/v2\/posts\/4835","targetHints":{"allow":["GET"]}}],"collection":[{"href":"https:\/\/mega-stoffel.de\/weblog\/wp-json\/wp\/v2\/posts"}],"about":[{"href":"https:\/\/mega-stoffel.de\/weblog\/wp-json\/wp\/v2\/types\/post"}],"author":[{"embeddable":true,"href":"https:\/\/mega-stoffel.de\/weblog\/wp-json\/wp\/v2\/users\/1"}],"replies":[{"embeddable":true,"href":"https:\/\/mega-stoffel.de\/weblog\/wp-json\/wp\/v2\/comments?post=4835"}],"version-history":[{"count":0,"href":"https:\/\/mega-stoffel.de\/weblog\/wp-json\/wp\/v2\/posts\/4835\/revisions"}],"wp:attachment":[{"href":"https:\/\/mega-stoffel.de\/weblog\/wp-json\/wp\/v2\/media?parent=4835"}],"wp:term":[{"taxonomy":"category","embeddable":true,"href":"https:\/\/mega-stoffel.de\/weblog\/wp-json\/wp\/v2\/categories?post=4835"},{"taxonomy":"post_tag","embeddable":true,"href":"https:\/\/mega-stoffel.de\/weblog\/wp-json\/wp\/v2\/tags?post=4835"}],"curies":[{"name":"wp","href":"https:\/\/api.w.org\/{rel}","templated":true}]}}