{"id":5014,"date":"2016-03-18T21:30:38","date_gmt":"2016-03-18T20:30:38","guid":{"rendered":"http:\/\/www.mega-stoffel.de\/weblog\/?p=5014"},"modified":"2016-03-18T21:30:38","modified_gmt":"2016-03-18T20:30:38","slug":"sargnagel","status":"publish","type":"post","link":"https:\/\/mega-stoffel.de\/weblog\/2016\/03\/18\/sargnagel\/","title":{"rendered":"Sargnagel"},"content":{"rendered":"<p>nun also die dritte Veranstaltung aus der &#8222;fangen alle mit S an&#8220;-Reihe: Stefanie Sargnagel (nach Sarah Kuttner und den Scorpions). Wieder f\u00fcr den <a href=\"http:\/\/www.gig-blog.net\/2016\/03\/18\/stefanie-sargnagel-17-03-16-whitenoise-stuttgart\/\" target=\"_blank\">gig-blog<\/a> zum Fotografieren. Wieder eine Lesung, also ein M\u00e4del, welches am Tisch sitzt, dazu noch in einem recht schlecht beleuchteten Raum. Nat\u00fcrlich bin ich mal wieder \u00fcberhaupt nicht vorbereitet, habe allerdings entfernt mitbekommen, dass es da einen kleinen &#8222;Hype&#8220; um sie gibt. Das reicht mir oft schon, um mir selbst ein Bild machen zu wollen.<br \/>\n<img loading=\"lazy\" decoding=\"async\" class=\"alignnone size-full wp-image-5015\" src=\"http:\/\/www.mega-stoffel.de\/weblog\/wp-content\/uploads\/2016\/04\/StefanieSargnagel-05.jpg\" alt=\"Stefanie Sargnagel im white\/noise, Stuttgart\" width=\"1000\" height=\"667\" \/><br \/>\nUm in der Metapher zu bleiben: das Bild ist ziemlich blass geblieben. Die K\u00fcrzest-Geschichten wurden relativ monoton\u00a0vorgetragen und haben f\u00fcr mich auch nicht richtig funktioniert. Kann sein, dass es lustig oder interessant ist, wenn man diesen im allumgebenden Social-Media-Stream begegnet. Nach der Veranstaltung habe ich beschlossen, dass dieser Hype gerne an mir vorbeigehen darf.<\/p>\n","protected":false},"excerpt":{"rendered":"<p>nun also die dritte Veranstaltung aus der &#8222;fangen alle mit S an&#8220;-Reihe: Stefanie Sargnagel (nach Sarah Kuttner und den Scorpions). Wieder f\u00fcr den gig-blog zum Fotografieren. Wieder eine Lesung, also ein M\u00e4del, welches am Tisch sitzt, dazu noch in einem recht schlecht beleuchteten Raum. Nat\u00fcrlich bin ich mal wieder \u00fcberhaupt nicht vorbereitet, habe allerdings entfernt [&hellip;]<\/p>\n","protected":false},"author":1,"featured_media":0,"comment_status":"open","ping_status":"open","sticky":false,"template":"","format":"standard","meta":{"activitypub_content_warning":"","activitypub_content_visibility":"","activitypub_max_image_attachments":4,"activitypub_interaction_policy_quote":"anyone","activitypub_status":"","footnotes":""},"categories":[4,5],"tags":[],"class_list":["post-5014","post","type-post","status-publish","format-standard","hentry","category-n-bild","category-gedanken"],"_links":{"self":[{"href":"https:\/\/mega-stoffel.de\/weblog\/wp-json\/wp\/v2\/posts\/5014","targetHints":{"allow":["GET"]}}],"collection":[{"href":"https:\/\/mega-stoffel.de\/weblog\/wp-json\/wp\/v2\/posts"}],"about":[{"href":"https:\/\/mega-stoffel.de\/weblog\/wp-json\/wp\/v2\/types\/post"}],"author":[{"embeddable":true,"href":"https:\/\/mega-stoffel.de\/weblog\/wp-json\/wp\/v2\/users\/1"}],"replies":[{"embeddable":true,"href":"https:\/\/mega-stoffel.de\/weblog\/wp-json\/wp\/v2\/comments?post=5014"}],"version-history":[{"count":0,"href":"https:\/\/mega-stoffel.de\/weblog\/wp-json\/wp\/v2\/posts\/5014\/revisions"}],"wp:attachment":[{"href":"https:\/\/mega-stoffel.de\/weblog\/wp-json\/wp\/v2\/media?parent=5014"}],"wp:term":[{"taxonomy":"category","embeddable":true,"href":"https:\/\/mega-stoffel.de\/weblog\/wp-json\/wp\/v2\/categories?post=5014"},{"taxonomy":"post_tag","embeddable":true,"href":"https:\/\/mega-stoffel.de\/weblog\/wp-json\/wp\/v2\/tags?post=5014"}],"curies":[{"name":"wp","href":"https:\/\/api.w.org\/{rel}","templated":true}]}}