{"id":5031,"date":"2016-03-23T23:50:55","date_gmt":"2016-03-23T22:50:55","guid":{"rendered":"http:\/\/www.mega-stoffel.de\/weblog\/?p=5031"},"modified":"2016-03-23T23:50:55","modified_gmt":"2016-03-23T22:50:55","slug":"thees-uhlmann","status":"publish","type":"post","link":"https:\/\/mega-stoffel.de\/weblog\/2016\/03\/23\/thees-uhlmann\/","title":{"rendered":"Thees Uhlmann"},"content":{"rendered":"<p>als &#8222;Lesung&#8220;, wie es angek\u00fcndigt war, konnte man diese Veranstaltung von Thees Uhlmann gestern eigentlich schon nicht mehr bezeichnen; das tats\u00e4chliche Vorlesen trat v\u00f6llig in den Hintergrund, w\u00e4hrend seine Erkl\u00e4rungen und Anekdoten dazwischen viel mehr Zeit einnahmen.<br \/>\nIch schreibe den mal auf meine Liste der lustigen Autoren (sie hat jetzt zwei Eintr\u00e4ge, neben ihm noch der gro\u00dfartige Gereon Klug). Wie schon Sarah Kuttner letzte Woche hat er uns wirklich glaubhaft dargestellt, dass Stuttgart (bzw. der aktuelle Veranstaltungstag) etwas besonderes sei\/werden soll und es auch durchgezogen. Laut offiziellem Plan hat er etwa eine Dreiviertelstunde \u00fcberzogen. Ob eine &#8222;normale&#8220; Lesung auch so interessant und lustig gewesen w\u00e4re?<br \/>\nSchade, dass ich nur die ersten f\u00fcnf Minuten fotografieren durfte, gegen Ende hin, als er auf seinen Tisch noch eine Flasche Wein stellte (nicht zur Deko), w\u00e4ren noch ein paar interessante <a href=\"http:\/\/www.gig-blog.net\/2016\/03\/25\/thees-uhlmann-22-03-2016-im-wizemann-stuttgart\/\" target=\"_blank\">Fotos<\/a> rausgekommen.<br \/>\nIch denke, seine Aussage &#8222;den lahmen Gaul des Schlafens zu reiten&#8220; als Absage auf eine spontane Feier-Einladung werde ich mir mal merken, und vermutlich nie f\u00fcr mich selbst anwenden. Aber vielleicht kann ich damit mal jemanden verabschieden. ;~)<br \/>\n<img loading=\"lazy\" decoding=\"async\" class=\"alignnone size-full wp-image-5032\" src=\"http:\/\/www.mega-stoffel.de\/weblog\/wp-content\/uploads\/2016\/04\/TheesUhlmann-13.jpg\" alt=\"Thees Uhlmann im Im Wizemann, Stuttgart\" width=\"1000\" height=\"667\" \/><\/p>\n","protected":false},"excerpt":{"rendered":"<p>als &#8222;Lesung&#8220;, wie es angek\u00fcndigt war, konnte man diese Veranstaltung von Thees Uhlmann gestern eigentlich schon nicht mehr bezeichnen; das tats\u00e4chliche Vorlesen trat v\u00f6llig in den Hintergrund, w\u00e4hrend seine Erkl\u00e4rungen und Anekdoten dazwischen viel mehr Zeit einnahmen. Ich schreibe den mal auf meine Liste der lustigen Autoren (sie hat jetzt zwei Eintr\u00e4ge, neben ihm noch [&hellip;]<\/p>\n","protected":false},"author":1,"featured_media":0,"comment_status":"open","ping_status":"open","sticky":false,"template":"","format":"standard","meta":{"activitypub_content_warning":"","activitypub_content_visibility":"","activitypub_max_image_attachments":4,"activitypub_interaction_policy_quote":"anyone","activitypub_status":"","footnotes":""},"categories":[4,5,8],"tags":[],"class_list":["post-5031","post","type-post","status-publish","format-standard","hentry","category-n-bild","category-gedanken","category-sounds-from-trash"],"_links":{"self":[{"href":"https:\/\/mega-stoffel.de\/weblog\/wp-json\/wp\/v2\/posts\/5031","targetHints":{"allow":["GET"]}}],"collection":[{"href":"https:\/\/mega-stoffel.de\/weblog\/wp-json\/wp\/v2\/posts"}],"about":[{"href":"https:\/\/mega-stoffel.de\/weblog\/wp-json\/wp\/v2\/types\/post"}],"author":[{"embeddable":true,"href":"https:\/\/mega-stoffel.de\/weblog\/wp-json\/wp\/v2\/users\/1"}],"replies":[{"embeddable":true,"href":"https:\/\/mega-stoffel.de\/weblog\/wp-json\/wp\/v2\/comments?post=5031"}],"version-history":[{"count":0,"href":"https:\/\/mega-stoffel.de\/weblog\/wp-json\/wp\/v2\/posts\/5031\/revisions"}],"wp:attachment":[{"href":"https:\/\/mega-stoffel.de\/weblog\/wp-json\/wp\/v2\/media?parent=5031"}],"wp:term":[{"taxonomy":"category","embeddable":true,"href":"https:\/\/mega-stoffel.de\/weblog\/wp-json\/wp\/v2\/categories?post=5031"},{"taxonomy":"post_tag","embeddable":true,"href":"https:\/\/mega-stoffel.de\/weblog\/wp-json\/wp\/v2\/tags?post=5031"}],"curies":[{"name":"wp","href":"https:\/\/api.w.org\/{rel}","templated":true}]}}