{"id":5128,"date":"2016-05-09T18:25:36","date_gmt":"2016-05-09T16:25:36","guid":{"rendered":"http:\/\/www.mega-stoffel.de\/weblog\/?p=5128"},"modified":"2016-05-09T18:25:36","modified_gmt":"2016-05-09T16:25:36","slug":"bei-moderat","status":"publish","type":"post","link":"https:\/\/mega-stoffel.de\/weblog\/2016\/05\/09\/bei-moderat\/","title":{"rendered":"bei Moderat"},"content":{"rendered":"<p>auch wieder so ein Hype, mit dem ich eigentlich nichts anfangen kann. Aber wenn ein gig-blog-Kollege schreibt, dann packe ich halt auch meine Kamera aus und fotografiere dazu. Es spielt die Band <a href=\"http:\/\/moderat.fm\/\" target=\"_blank\">Moderat<\/a> aus Berlin. Schon seit Wochen ausverkauft und ich h\u00e4tte eher damit gerechnet, hierf\u00fcr eine Absage zu bekommen, als f\u00fcr das Juliette Lewis Konzert zwei Tage vorher. Tja, ein ganz gro\u00dfer (Ver-) Rechenk\u00fcnstler scheine ich zu sein&#8230;.<br \/>\nAm Einlass wieder die \u00fcbliche Frage, wie lange ich denn fotografieren d\u00fcrfe und als Antwort &#8222;zwei Songs&#8220; bekommen. Ist mir eigentlich sogar ganz recht, da ich von\u00a0Samstag noch einen 10km Rennen und von Sonntag Vormittag eine 120km Radtour mit dem alten Albuch Kotter Rad und einem Schnitt von 30km\/h in den Beinen habe. Die &#8222;Vorband&#8220; ist\u00a0ein DJ der auf der fast dunklen B\u00fchne v\u00f6llig ohne Publikums-Interaktion ein bisschen an seinem Laptop rumspielt. Find ich langweilig und beschissen zu fotografieren. Ich gehe\u00a0nach ein paar Minuten wieder aus dem Fotograben raus und schaue den anderen beiden Fotografen noch ein bisschen zu. Dann Umbau und ein kleiner Smalltalk mit den Leuten, die dort richtig arbeiten. Einer von der\u00a0Security meint &#8211; und ich glaube, ein bisschen Stolz in seiner Stimme zu h\u00f6ren (worauf auch immer) &#8211; dass beim dritten Lied starke Laser eingesetzt werden, die im Fotograben aufh\u00f6ren. Daher d\u00fcrfen wir nur zwei Lieder fotografieren. Nur zum Selbstschutz also &#8211; aha.<br \/>\nEiner der anderen Fotografen erz\u00e4hlt mir, dass es ihm ja ziemlich egal ist, dass es so dunkel ist &#8211; er hat ja schon vern\u00fcnftige Bilder von Moderat und braucht\u00a0deswegen eigentlich auch gar keine mehr. Bei solchen Ansagen in lauten Umgebungen fehlt mir dann meist die Motivation, um nachzufragen, was genau er damit meint. Mir ist es ja auch v\u00f6llig egal. Wenn eine Band kein Licht auf der B\u00fchne will, muss es ihnen klar sein, dass es auch keine gescheiten Bilder gibt. Basta &#8211; da bin dann nicht ich als Fotograf &#8222;Schuld&#8220; dran.<br \/>\n<img loading=\"lazy\" decoding=\"async\" class=\"alignnone size-full wp-image-5129\" src=\"http:\/\/www.mega-stoffel.de\/weblog\/wp-content\/uploads\/2016\/05\/Moderat-13.jpg\" alt=\"Moderat im Stuttgarter LKA\" width=\"1000\" height=\"667\" \/><br \/>\nAls es losgeht ist es nicht\u00a0deutlich heller geworden, irgendwann setzen dann aber noch Strobos und sogar ganz normale Scheinwerfer ein. Ich habe allerdings schon (bzw. immer noch) keine gro\u00dfe Lust mehr und probiere halt irgendwelche Langzeit-Belichtungen; also solche Bilder, von denen ich (da mir einfach die Erfahrung und \u00dcbung fehlt) weit \u00fcber 90% wegschmei\u00dfen muss.<br \/>\nDa mich in meiner aktuellen Verfassung (eigentlich will ich ja lieber sitzen oder sogar liegen, und essen m\u00fcsste ich auch mal dringend etwas) weder die Musik noch die Licht- und Lasershow packt, gehe ich dann auch mal wieder fr\u00fcher heim. Dort erwarten mich dann Bilder, die ich bearbeiten sollte, von drei Konzerten mit schlechten bis gar keinen Lichtverh\u00e4ltnissen. Wird Zeit, dass mal wieder ein &#8222;helles&#8220; und gutes Konzert dran ist; muss auch gar keine Hype-Band sein &#8211; ein Geheimtipp reicht mir schon aus.<\/p>\n","protected":false},"excerpt":{"rendered":"<p>auch wieder so ein Hype, mit dem ich eigentlich nichts anfangen kann. Aber wenn ein gig-blog-Kollege schreibt, dann packe ich halt auch meine Kamera aus und fotografiere dazu. Es spielt die Band Moderat aus Berlin. Schon seit Wochen ausverkauft und ich h\u00e4tte eher damit gerechnet, hierf\u00fcr eine Absage zu bekommen, als f\u00fcr das Juliette Lewis [&hellip;]<\/p>\n","protected":false},"author":1,"featured_media":0,"comment_status":"open","ping_status":"open","sticky":false,"template":"","format":"standard","meta":{"activitypub_content_warning":"","activitypub_content_visibility":"","activitypub_max_image_attachments":4,"activitypub_interaction_policy_quote":"anyone","activitypub_status":"","footnotes":""},"categories":[4,8],"tags":[],"class_list":["post-5128","post","type-post","status-publish","format-standard","hentry","category-n-bild","category-sounds-from-trash"],"_links":{"self":[{"href":"https:\/\/mega-stoffel.de\/weblog\/wp-json\/wp\/v2\/posts\/5128","targetHints":{"allow":["GET"]}}],"collection":[{"href":"https:\/\/mega-stoffel.de\/weblog\/wp-json\/wp\/v2\/posts"}],"about":[{"href":"https:\/\/mega-stoffel.de\/weblog\/wp-json\/wp\/v2\/types\/post"}],"author":[{"embeddable":true,"href":"https:\/\/mega-stoffel.de\/weblog\/wp-json\/wp\/v2\/users\/1"}],"replies":[{"embeddable":true,"href":"https:\/\/mega-stoffel.de\/weblog\/wp-json\/wp\/v2\/comments?post=5128"}],"version-history":[{"count":0,"href":"https:\/\/mega-stoffel.de\/weblog\/wp-json\/wp\/v2\/posts\/5128\/revisions"}],"wp:attachment":[{"href":"https:\/\/mega-stoffel.de\/weblog\/wp-json\/wp\/v2\/media?parent=5128"}],"wp:term":[{"taxonomy":"category","embeddable":true,"href":"https:\/\/mega-stoffel.de\/weblog\/wp-json\/wp\/v2\/categories?post=5128"},{"taxonomy":"post_tag","embeddable":true,"href":"https:\/\/mega-stoffel.de\/weblog\/wp-json\/wp\/v2\/tags?post=5128"}],"curies":[{"name":"wp","href":"https:\/\/api.w.org\/{rel}","templated":true}]}}