{"id":5178,"date":"2016-06-11T23:20:11","date_gmt":"2016-06-11T21:20:11","guid":{"rendered":"http:\/\/www.mega-stoffel.de\/weblog\/?p=5178"},"modified":"2016-06-11T23:20:11","modified_gmt":"2016-06-11T21:20:11","slug":"netzer","status":"publish","type":"post","link":"https:\/\/mega-stoffel.de\/weblog\/2016\/06\/11\/netzer\/","title":{"rendered":"Netzer"},"content":{"rendered":"<p>bei dem Stuttgarter <a href=\"http:\/\/www.gig-blog.net\/\" target=\"_blank\">Konzertblog<\/a>, bei dem ich schon eine geraume Weile mitmache (hier die Arbeitsnachweise f\u00fcr <a href=\"http:\/\/www.gig-blog.net\/uber-uns\/christoph-hoyer\/fotos-x-tof-hoyer\/\" target=\"_blank\">Fotos<\/a> und <a href=\"http:\/\/www.gig-blog.net\/uber-uns\/christoph-hoyer\/veroeffentlichte-artikel-x-tof\/\" target=\"_blank\">Texte<\/a>), gibt es so einen Tick, dass die Schuhe der auftretenden K\u00fcnstler fotografiert werden. Zwanghaft mache ich da nicht mit, habe mir seitdem aber auf jeden Fall angew\u00f6hnt, auch dort mal hinzuschauen. Und wenn es sich lohnt (manche K\u00fcnstler leben wirklich eine kreative Ader\u00a0mit\/an ihren Schuhen aus) schie\u00dfe ich auch mal ein Bild von Schuhen.<br \/>\nBei Netzer dann mal was ganz neues. Die Schuhe waren zwar 08\/15* Chucks, aber der Gitarrist hat sie eben gerade gebunden! Wahnsinn, oder?! ;~)<\/p>\n<figure id=\"attachment_5179\" aria-describedby=\"caption-attachment-5179\" style=\"width: 490px\" class=\"wp-caption alignnone\"><a href=\"http:\/\/www.gig-blog.net\/2016\/06\/12\/netzer-and-ypsilon-11-06-2016-bix-stuttgart\/\" target=\"_blank\"><img loading=\"lazy\" decoding=\"async\" class=\"size-full wp-image-5179\" src=\"http:\/\/www.mega-stoffel.de\/weblog\/wp-content\/uploads\/2016\/06\/NetzerAnd.Ypsilon-29.jpg\" alt=\"bei Netzer werden die Schuhe gebunden!\" width=\"490\" height=\"735\" \/><\/a><figcaption id=\"caption-attachment-5179\" class=\"wp-caption-text\">bei Netzer werden die Schuhe gebunden!<\/figcaption><\/figure>\n<p>* zu 08\/15 habe ich letztens einen Tweet gelesen, der aussagte, dass es kein Zufall sein kann, dass das deutsche TV-Programm just zu dieser Zeit beginnt&#8230;.<\/p>\n","protected":false},"excerpt":{"rendered":"<p>bei dem Stuttgarter Konzertblog, bei dem ich schon eine geraume Weile mitmache (hier die Arbeitsnachweise f\u00fcr Fotos und Texte), gibt es so einen Tick, dass die Schuhe der auftretenden K\u00fcnstler fotografiert werden. Zwanghaft mache ich da nicht mit, habe mir seitdem aber auf jeden Fall angew\u00f6hnt, auch dort mal hinzuschauen. Und wenn es sich lohnt [&hellip;]<\/p>\n","protected":false},"author":1,"featured_media":0,"comment_status":"open","ping_status":"open","sticky":false,"template":"","format":"standard","meta":{"activitypub_content_warning":"","activitypub_content_visibility":"","activitypub_max_image_attachments":4,"activitypub_interaction_policy_quote":"anyone","activitypub_status":"","footnotes":""},"categories":[4,8],"tags":[],"class_list":["post-5178","post","type-post","status-publish","format-standard","hentry","category-n-bild","category-sounds-from-trash"],"_links":{"self":[{"href":"https:\/\/mega-stoffel.de\/weblog\/wp-json\/wp\/v2\/posts\/5178","targetHints":{"allow":["GET"]}}],"collection":[{"href":"https:\/\/mega-stoffel.de\/weblog\/wp-json\/wp\/v2\/posts"}],"about":[{"href":"https:\/\/mega-stoffel.de\/weblog\/wp-json\/wp\/v2\/types\/post"}],"author":[{"embeddable":true,"href":"https:\/\/mega-stoffel.de\/weblog\/wp-json\/wp\/v2\/users\/1"}],"replies":[{"embeddable":true,"href":"https:\/\/mega-stoffel.de\/weblog\/wp-json\/wp\/v2\/comments?post=5178"}],"version-history":[{"count":0,"href":"https:\/\/mega-stoffel.de\/weblog\/wp-json\/wp\/v2\/posts\/5178\/revisions"}],"wp:attachment":[{"href":"https:\/\/mega-stoffel.de\/weblog\/wp-json\/wp\/v2\/media?parent=5178"}],"wp:term":[{"taxonomy":"category","embeddable":true,"href":"https:\/\/mega-stoffel.de\/weblog\/wp-json\/wp\/v2\/categories?post=5178"},{"taxonomy":"post_tag","embeddable":true,"href":"https:\/\/mega-stoffel.de\/weblog\/wp-json\/wp\/v2\/tags?post=5178"}],"curies":[{"name":"wp","href":"https:\/\/api.w.org\/{rel}","templated":true}]}}