{"id":5187,"date":"2016-06-08T23:45:48","date_gmt":"2016-06-08T21:45:48","guid":{"rendered":"http:\/\/www.mega-stoffel.de\/weblog\/?p=5187"},"modified":"2016-06-08T23:45:48","modified_gmt":"2016-06-08T21:45:48","slug":"das-vereinsheim","status":"publish","type":"post","link":"https:\/\/mega-stoffel.de\/weblog\/2016\/06\/08\/das-vereinsheim\/","title":{"rendered":"Das Vereinsheim"},"content":{"rendered":"<p>ein wahrlich z\u00e4her Name &#8211; und auch der Pressetext hat\u00a0nicht unbedingt zum Hingehen aufgefordert. Aber da ich ja in gig-blog-Mission unterwegs bin (d.h. m\u00f6glichst umfassend \u00fcber die [Musik-]Kulturszene in und um Stuttgart zu berichten) gehe ich halt mal hin.<br \/>\nUm es kurz zu machen: zum Fotografieren war es nicht besonders toll, aber das Konzert war daf\u00fcr umso besser! Ich hoffe nur, dass dieses Konzept im Herbst wiederholt wird. Und dann gehe ich auch mal nur zum Spa\u00df da hin, ganz ohne Kamera! (au\u00dfer nat\u00fcrlich, wenn jemand dar\u00fcber schreiben w\u00fcrde und kein anderer Fotograf zu finden ist)<br \/>\nHier ist der l\u00e4ngere Text dar\u00fcber beim <a href=\"http:\/\/www.gig-blog.net\/2016\/06\/10\/das-vereinsheim-08-06-2016-scala-ludwigsburg\/\" target=\"_blank\">gig-blog<\/a>.<\/p>\n<figure id=\"attachment_5188\" aria-describedby=\"caption-attachment-5188\" style=\"width: 1000px\" class=\"wp-caption alignnone\"><img loading=\"lazy\" decoding=\"async\" class=\"size-full wp-image-5188\" src=\"http:\/\/www.mega-stoffel.de\/weblog\/wp-content\/uploads\/2016\/06\/Vereinsheim-01.jpg\" alt=\"Das Vereinsheim in Ludwigsburg\" width=\"1000\" height=\"667\" \/><figcaption id=\"caption-attachment-5188\" class=\"wp-caption-text\">Das Vereinsheim in Ludwigsburg<\/figcaption><\/figure>\n","protected":false},"excerpt":{"rendered":"<p>ein wahrlich z\u00e4her Name &#8211; und auch der Pressetext hat\u00a0nicht unbedingt zum Hingehen aufgefordert. Aber da ich ja in gig-blog-Mission unterwegs bin (d.h. m\u00f6glichst umfassend \u00fcber die [Musik-]Kulturszene in und um Stuttgart zu berichten) gehe ich halt mal hin. Um es kurz zu machen: zum Fotografieren war es nicht besonders toll, aber das Konzert war [&hellip;]<\/p>\n","protected":false},"author":1,"featured_media":0,"comment_status":"open","ping_status":"open","sticky":false,"template":"","format":"standard","meta":{"activitypub_content_warning":"","activitypub_content_visibility":"","activitypub_max_image_attachments":4,"activitypub_interaction_policy_quote":"anyone","activitypub_status":"","footnotes":""},"categories":[4,5,8],"tags":[],"class_list":["post-5187","post","type-post","status-publish","format-standard","hentry","category-n-bild","category-gedanken","category-sounds-from-trash"],"_links":{"self":[{"href":"https:\/\/mega-stoffel.de\/weblog\/wp-json\/wp\/v2\/posts\/5187","targetHints":{"allow":["GET"]}}],"collection":[{"href":"https:\/\/mega-stoffel.de\/weblog\/wp-json\/wp\/v2\/posts"}],"about":[{"href":"https:\/\/mega-stoffel.de\/weblog\/wp-json\/wp\/v2\/types\/post"}],"author":[{"embeddable":true,"href":"https:\/\/mega-stoffel.de\/weblog\/wp-json\/wp\/v2\/users\/1"}],"replies":[{"embeddable":true,"href":"https:\/\/mega-stoffel.de\/weblog\/wp-json\/wp\/v2\/comments?post=5187"}],"version-history":[{"count":0,"href":"https:\/\/mega-stoffel.de\/weblog\/wp-json\/wp\/v2\/posts\/5187\/revisions"}],"wp:attachment":[{"href":"https:\/\/mega-stoffel.de\/weblog\/wp-json\/wp\/v2\/media?parent=5187"}],"wp:term":[{"taxonomy":"category","embeddable":true,"href":"https:\/\/mega-stoffel.de\/weblog\/wp-json\/wp\/v2\/categories?post=5187"},{"taxonomy":"post_tag","embeddable":true,"href":"https:\/\/mega-stoffel.de\/weblog\/wp-json\/wp\/v2\/tags?post=5187"}],"curies":[{"name":"wp","href":"https:\/\/api.w.org\/{rel}","templated":true}]}}