{"id":538,"date":"2008-07-05T01:25:14","date_gmt":"2008-07-04T23:25:14","guid":{"rendered":"http:\/\/www.mega-stoffel.de\/weblog\/?p=538"},"modified":"2008-07-05T01:25:14","modified_gmt":"2008-07-04T23:25:14","slug":"fatro-auf-dem-marktfest","status":"publish","type":"post","link":"https:\/\/mega-stoffel.de\/weblog\/2008\/07\/05\/fatro-auf-dem-marktfest\/","title":{"rendered":"Fatro auf dem Marktfest"},"content":{"rendered":"<p><a title=\"Fatro rocken das Marktfest in Pfaffenhofen\" href=\"http:\/\/x-tof.de\/bilder\/konzerte\/2008-07-04%20-%20Fatro,%20Pfaffenhofen\/index.php\" target=\"_blank\"><img loading=\"lazy\" decoding=\"async\" class=\"alignnone size-full wp-image-539\" title=\"Fatro rocken das Marktfest in Pfaffenhofen\" src=\"http:\/\/www.mega-stoffel.de\/weblog\/wp-content\/uploads\/2008\/07\/080704.jpg\" alt=\"\" width=\"480\" height=\"338\" \/><\/a><br \/>\nganz so b\u00f6se wie der Raphi hier schaut ist die Band doch gar nicht. Die wollen nur ab und zu mal spielen und nat\u00fcrlich ganz gro\u00dfe Rockstars werden. Ich hoffe, dass ich denen mit dieser Bildergalerie dabei helfen kann!<\/p>\n","protected":false},"excerpt":{"rendered":"<p>ganz so b\u00f6se wie der Raphi hier schaut ist die Band doch gar nicht. Die wollen nur ab und zu mal spielen und nat\u00fcrlich ganz gro\u00dfe Rockstars werden. Ich hoffe, dass ich denen mit dieser Bildergalerie dabei helfen kann!<\/p>\n","protected":false},"author":1,"featured_media":0,"comment_status":"open","ping_status":"open","sticky":false,"template":"","format":"standard","meta":{"activitypub_content_warning":"","activitypub_content_visibility":"","activitypub_max_image_attachments":4,"activitypub_interaction_policy_quote":"anyone","activitypub_status":"","footnotes":""},"categories":[4],"tags":[],"class_list":["post-538","post","type-post","status-publish","format-standard","hentry","category-n-bild"],"_links":{"self":[{"href":"https:\/\/mega-stoffel.de\/weblog\/wp-json\/wp\/v2\/posts\/538","targetHints":{"allow":["GET"]}}],"collection":[{"href":"https:\/\/mega-stoffel.de\/weblog\/wp-json\/wp\/v2\/posts"}],"about":[{"href":"https:\/\/mega-stoffel.de\/weblog\/wp-json\/wp\/v2\/types\/post"}],"author":[{"embeddable":true,"href":"https:\/\/mega-stoffel.de\/weblog\/wp-json\/wp\/v2\/users\/1"}],"replies":[{"embeddable":true,"href":"https:\/\/mega-stoffel.de\/weblog\/wp-json\/wp\/v2\/comments?post=538"}],"version-history":[{"count":0,"href":"https:\/\/mega-stoffel.de\/weblog\/wp-json\/wp\/v2\/posts\/538\/revisions"}],"wp:attachment":[{"href":"https:\/\/mega-stoffel.de\/weblog\/wp-json\/wp\/v2\/media?parent=538"}],"wp:term":[{"taxonomy":"category","embeddable":true,"href":"https:\/\/mega-stoffel.de\/weblog\/wp-json\/wp\/v2\/categories?post=538"},{"taxonomy":"post_tag","embeddable":true,"href":"https:\/\/mega-stoffel.de\/weblog\/wp-json\/wp\/v2\/tags?post=538"}],"curies":[{"name":"wp","href":"https:\/\/api.w.org\/{rel}","templated":true}]}}