{"id":5640,"date":"2016-12-03T04:00:31","date_gmt":"2016-12-03T03:00:31","guid":{"rendered":"http:\/\/www.mega-stoffel.de\/weblog\/?p=5640"},"modified":"2016-12-03T04:00:31","modified_gmt":"2016-12-03T03:00:31","slug":"critical-mass-dezember","status":"publish","type":"post","link":"https:\/\/mega-stoffel.de\/weblog\/2016\/12\/03\/critical-mass-dezember\/","title":{"rendered":"Critical Mass, Dezember"},"content":{"rendered":"<p>nat\u00fcrlich kann man auch im Dezember Rad fahren! Man muss nur gen\u00fcgend anziehen &#8211; und selbst das war (noch) nicht mal n\u00f6tig, ich hatte f\u00fcr die knapp zweist\u00fcndige Radfahrt durch die Stadt nicht mal Handschuhe an. Am Tag davor hatte ich noch diesen H\u00e4nger aus Feuerbach abgeholt und ihn im Feierabend-Verkehr auf der kompletten rechten Spur der B27 gezogen. Ganz sch\u00f6n nervig, wenn man in dem Auto-Stau steht und nicht zwischen den Autos nach vorne fahren kann. Manche Menschen machen das sogar jeden Tag freiwillig &#8211; unverst\u00e4ndlich!<\/p>\n<p>Diese H\u00e4nger sind selber zusammengebaut; die Vorlage kommt von <a href=\"http:\/\/www.carlacargo.de\/de\/\">CarlaCargo<\/a>\u00a0und wurde f\u00fcr jede\/n zum freien Nachbauen ins Internet gestellt. Von diesem Workshop habe ich leider im Voraus nichts mitbekommen, als es dann soweit war, konnte ich es nur schlecht einrichten. Ein paar Stunden habe ich dennoch mitgemacht.<\/p>\n<figure id=\"attachment_5641\" aria-describedby=\"caption-attachment-5641\" style=\"width: 722px\" class=\"wp-caption alignnone\"><img loading=\"lazy\" decoding=\"async\" class=\"size-full wp-image-5641\" src=\"http:\/\/www.mega-stoffel.de\/weblog\/wp-content\/uploads\/2016\/12\/H\u00e4nger.jpg\" alt=\"unterwegs mit Lastenrad und Anh\u00e4nger\" width=\"722\" height=\"510\" \/><figcaption id=\"caption-attachment-5641\" class=\"wp-caption-text\">unterwegs mit Lastenrad und Anh\u00e4nger<\/figcaption><\/figure>\n<p><!--more--><\/p>\n<p>Da ich ihn erst einen Tag vorher abgeholt habe, hatte\u00a0ich auf die Schnelle leider keine Idee, was ich dort drauf &#8222;bauen&#8220; k\u00f6nnte. Bevor er also alleine zuhause bleibt, habe ich entschieden, dass ich ihn einfach leer mitnehme. Bei der Critical Mass wurde ich dann tats\u00e4chlich am meisten gefragt, warum ich denn mit einem leeren Anh\u00e4nger rumfahre. Tja, weil ich&#8217;s kann und weil ich zeigen wollte, dass es sowas gibt!<br \/>\nAuf dem Lastenrad vorne drauf war noch meine Musik-Anlage. Da ich es bisher noch nicht gut hinbekommen habe, dass ich ein Mikrofon dran anschlie\u00dfen kann, ich aber trotzdem die Menge zur Critical Mass begr\u00fc\u00dfen und zwischendurch mal an die &#8222;Regeln&#8220; erinnern m\u00f6chte, blieb mir nur die Idee, diese Texte eben aufzunehmen und dann w\u00e4hrend der Fahrt abzuspielen. Dazu habe ich mal den <a href=\"http:\/\/putte.de\/\" target=\"_blank\">Putte<\/a> gefragt, der sowohl vern\u00fcnftig sprechen kann, als auch die technische Ausr\u00fcstung f\u00fcr sowas hat &#8211; klar macht der das, f\u00fcr die &#8222;gute Sache&#8220; ist er immer zu haben. Guter Mann!<br \/>\nDas hat dann auch alles gut geklappt &#8211; bis etwa 20min vor Ende, als auf der Heilbronner Stra\u00dfe den Pragsattel hoch, pl\u00f6tzlich mein Smartphone abgeschmiert ist. Es war zwar aufgeladen, aber als ich nachts zuhause nachgeschaut habe, ist es offenbar von etwa 70% Ladezustand direkt auf 0% gefallen. Das habe ich noch nie erlebt und war echt frustrierend. Ich bin mal gespannt, was der Fairphone Support zu dieser rapiden Akku-Entladung sagen wird&#8230;.<br \/>\nGelaufen ist auf dem Smartphone eine Musik-App, Critical Maps und OSMand+ zum Aufzeichnen der Strecke. Diese Kombination hatte ich auch schon \u00f6fters im Gebrauch und es ist bisher noch nie etwas passiert.<\/p>\n<figure id=\"attachment_5642\" aria-describedby=\"caption-attachment-5642\" style=\"width: 1080px\" class=\"wp-caption alignnone\"><img loading=\"lazy\" decoding=\"async\" class=\"size-full wp-image-5642\" src=\"http:\/\/www.mega-stoffel.de\/weblog\/wp-content\/uploads\/2016\/12\/Akku.jpg\" alt=\"eine rapide Akku-Entladung beim Fairphone 2\" width=\"1080\" height=\"1920\" \/><figcaption id=\"caption-attachment-5642\" class=\"wp-caption-text\">eine rapide Akku-Entladung beim Fairphone 2<\/figcaption><\/figure>\n<p>Achja, das Bild mit dem Lastenrad und Anh\u00e4nger ist nur ein Screenshot aus einem <a href=\"https:\/\/www.youtube.com\/watch?v=Lh32ksxOJ38\" target=\"_blank\">Video<\/a>.<\/p>\n<p>Und noch ein &#8222;achja&#8220; &#8211; mein NIEMAND MUSS AUTO FAHREN T-Shirt hat es inzwischen sogar geschafft, als Titelbild f\u00fcr einen <a href=\"http:\/\/www.stuttgarter-zeitung.de\/inhalt.feinstaubalarm-dobrindts-fahrverbote-ruecken-naeher.592bebdc-f7f4-4952-bc57-e482fc556493.html\" target=\"_blank\">Artikel<\/a> \u00fcber Fahrverbote in der Stuttgarter Zeitung verwendet zu werden. Das wei\u00df ich auch nur, weil ich bei der Radfahrt mehrfach darauf angesprochen wurde, dass dieses T-Shirt schon wieder in der Zeitung war (und es mir auf anderen Kan\u00e4len \u00fcbrigens auch mitgeteilt wurde). #promi<\/p>\n","protected":false},"excerpt":{"rendered":"<p>nat\u00fcrlich kann man auch im Dezember Rad fahren! Man muss nur gen\u00fcgend anziehen &#8211; und selbst das war (noch) nicht mal n\u00f6tig, ich hatte f\u00fcr die knapp zweist\u00fcndige Radfahrt durch die Stadt nicht mal Handschuhe an. Am Tag davor hatte ich noch diesen H\u00e4nger aus Feuerbach abgeholt und ihn im Feierabend-Verkehr auf der kompletten rechten [&hellip;]<\/p>\n","protected":false},"author":1,"featured_media":0,"comment_status":"open","ping_status":"open","sticky":false,"template":"","format":"standard","meta":{"activitypub_content_warning":"","activitypub_content_visibility":"","activitypub_max_image_attachments":4,"activitypub_interaction_policy_quote":"anyone","activitypub_status":"","footnotes":""},"categories":[66,5,11],"tags":[],"class_list":["post-5640","post","type-post","status-publish","format-standard","hentry","category-fahrradstadt","category-gedanken","category-veranderungen"],"_links":{"self":[{"href":"https:\/\/mega-stoffel.de\/weblog\/wp-json\/wp\/v2\/posts\/5640","targetHints":{"allow":["GET"]}}],"collection":[{"href":"https:\/\/mega-stoffel.de\/weblog\/wp-json\/wp\/v2\/posts"}],"about":[{"href":"https:\/\/mega-stoffel.de\/weblog\/wp-json\/wp\/v2\/types\/post"}],"author":[{"embeddable":true,"href":"https:\/\/mega-stoffel.de\/weblog\/wp-json\/wp\/v2\/users\/1"}],"replies":[{"embeddable":true,"href":"https:\/\/mega-stoffel.de\/weblog\/wp-json\/wp\/v2\/comments?post=5640"}],"version-history":[{"count":0,"href":"https:\/\/mega-stoffel.de\/weblog\/wp-json\/wp\/v2\/posts\/5640\/revisions"}],"wp:attachment":[{"href":"https:\/\/mega-stoffel.de\/weblog\/wp-json\/wp\/v2\/media?parent=5640"}],"wp:term":[{"taxonomy":"category","embeddable":true,"href":"https:\/\/mega-stoffel.de\/weblog\/wp-json\/wp\/v2\/categories?post=5640"},{"taxonomy":"post_tag","embeddable":true,"href":"https:\/\/mega-stoffel.de\/weblog\/wp-json\/wp\/v2\/tags?post=5640"}],"curies":[{"name":"wp","href":"https:\/\/api.w.org\/{rel}","templated":true}]}}