{"id":5793,"date":"2017-04-07T22:55:20","date_gmt":"2017-04-07T20:55:20","guid":{"rendered":"https:\/\/mega-stoffel.de\/weblog\/?p=5793"},"modified":"2017-04-09T02:23:06","modified_gmt":"2017-04-09T00:23:06","slug":"mit-banner-auf-der-critical-mass","status":"publish","type":"post","link":"https:\/\/mega-stoffel.de\/weblog\/2017\/04\/07\/mit-banner-auf-der-critical-mass\/","title":{"rendered":"mit Banner auf der Critical Mass"},"content":{"rendered":"<p>nachdem ich jetzt eine <a href=\"https:\/\/mega-stoffel.de\/weblog\/2017\/04\/02\/streitwagen-geschweisst\/\" target=\"_blank\">M\u00f6glichkeit<\/a> habe, mit einem Fahrrad-Anh\u00e4nger Werbung zu fahren, wollte ich das bei der Critical Mass gleich mal ausprobieren. Bei Flyeralarm kriegt man recht g\u00fcnstig solche Banner in jedem beliebigen Ma\u00df und einen tollen Spruch habe ich ja sowieso auf Lager: <em><strong>N<\/strong><strong>iemand muss Auto fahren!<\/strong><\/em><br \/>\nAlso setzte ich mich Sonntag Nacht noch hin und habe mal ein bisschen rumgespielt; mit diesem Ergebnis war ich recht zufrieden (erst viel sp\u00e4ter kam mir, dass ich ja &#8222;<em>mein <a href=\"https:\/\/mega-stoffel.de\/weblog\/2013\/12\/16\/t-shirt-2\/\" target=\"_blank\">X<\/a><\/em>&#8220; im gleichen Farbdesign dort noch draufmachen h\u00e4tte k\u00f6nnen):<br \/>\n<img loading=\"lazy\" decoding=\"async\" class=\"alignnone size-full wp-image-5809\" src=\"https:\/\/mega-stoffel.de\/weblog\/wp-content\/uploads\/2017\/04\/Banner.jpg\" alt=\"Niemand muss Auto fahren Banner\" width=\"1200\" height=\"600\" srcset=\"https:\/\/mega-stoffel.de\/weblog\/wp-content\/uploads\/2017\/04\/Banner.jpg 1200w, https:\/\/mega-stoffel.de\/weblog\/wp-content\/uploads\/2017\/04\/Banner-300x150.jpg 300w, https:\/\/mega-stoffel.de\/weblog\/wp-content\/uploads\/2017\/04\/Banner-768x384.jpg 768w, https:\/\/mega-stoffel.de\/weblog\/wp-content\/uploads\/2017\/04\/Banner-1024x512.jpg 1024w, https:\/\/mega-stoffel.de\/weblog\/wp-content\/uploads\/2017\/04\/Banner-624x312.jpg 624w\" sizes=\"auto, (max-width: 1200px) 100vw, 1200px\" \/><br \/>\nDie Lieferzeit wird mit 4-5 Werktagen angegeben, m\u00fcsste also noch bis zur Critical Mass funktionieren. Also habe ich die Bestellung abgeschickt und die Daumen gedr\u00fcckt.<br \/>\nUnd tats\u00e4chlich konnte ich etwa 1h vor der Critical Mass dies Banner abholen und noch auf den &#8222;Streitwagen&#8220; montieren. Das sieht dann so aus, die Zugmaschine ist auf dem Bild jetzt noch nicht drauf, aber dass da an der Deichsel noch ein Rad davor gespannt wird, sollte klar sein. F\u00fcr andere Demo-Arten kann man diesen Anh\u00e4nger jedoch auch problemlos als Fussg\u00e4nger ziehen und auf das ziehende Rad verzichten. Falls jemand dieses Gestell\/Ger\u00fcst\/Gel\u00e4nder mit H\u00e4nger mal braucht, oder diese Banner irgendwo \u00f6ffentlichkeitswirksam aufh\u00e4ngen will, einfach kurz bei mir melden, da finden wir bestimmt eine L\u00f6sung! \ud83d\ude42<\/p>\n<figure id=\"attachment_5810\" aria-describedby=\"caption-attachment-5810\" style=\"width: 1200px\" class=\"wp-caption alignnone\"><img loading=\"lazy\" decoding=\"async\" class=\"size-full wp-image-5810\" src=\"https:\/\/mega-stoffel.de\/weblog\/wp-content\/uploads\/2017\/04\/Banner_echt.jpg\" alt=\"Niemand muss Auto fahren Banner auf dem Streitwagen\" width=\"1200\" height=\"658\" srcset=\"https:\/\/mega-stoffel.de\/weblog\/wp-content\/uploads\/2017\/04\/Banner_echt.jpg 1200w, https:\/\/mega-stoffel.de\/weblog\/wp-content\/uploads\/2017\/04\/Banner_echt-300x165.jpg 300w, https:\/\/mega-stoffel.de\/weblog\/wp-content\/uploads\/2017\/04\/Banner_echt-768x421.jpg 768w, https:\/\/mega-stoffel.de\/weblog\/wp-content\/uploads\/2017\/04\/Banner_echt-1024x561.jpg 1024w, https:\/\/mega-stoffel.de\/weblog\/wp-content\/uploads\/2017\/04\/Banner_echt-624x342.jpg 624w\" sizes=\"auto, (max-width: 1200px) 100vw, 1200px\" \/><figcaption id=\"caption-attachment-5810\" class=\"wp-caption-text\">&#8222;Niemand muss Auto fahren&#8220;-Banner auf dem Streitwagen<\/figcaption><\/figure>\n<p>Bei der Critical Mass in Stuttgart sollen dieses Mal fast 1000 Leute dabei gewesen sein. Von diversen Z\u00e4hlern habe ich so Zahlen wie 973 oder 980 geh\u00f6rt. Wow &#8211; das ist mal eine Hausnummer! Dass sich in der Gesellschaft gerade etwas tut (wenn auch noch recht langsam und eher im Verborgenen) habe ich mir im Winter schon \u00f6fters gedacht, wenn ich auf meiner Pendelstrecke trotz Schnee und knackigen Minustemperaturen immer noch viele Radfahrer gesehen habe.<br \/>\nUnd seit ein paar Wochen sehe ich eigentlich jeden Tag Lastenr\u00e4der durch Stuttgart fahren. Das war &#8222;fr\u00fcher&#8220; noch etwas sehr besonderes und sicherlich nichts &#8222;t\u00e4gliches&#8220;.<\/p>\n","protected":false},"excerpt":{"rendered":"<p>nachdem ich jetzt eine M\u00f6glichkeit habe, mit einem Fahrrad-Anh\u00e4nger Werbung zu fahren, wollte ich das bei der Critical Mass gleich mal ausprobieren. Bei Flyeralarm kriegt man recht g\u00fcnstig solche Banner in jedem beliebigen Ma\u00df und einen tollen Spruch habe ich ja sowieso auf Lager: Niemand muss Auto fahren! Also setzte ich mich Sonntag Nacht noch [&hellip;]<\/p>\n","protected":false},"author":1,"featured_media":0,"comment_status":"open","ping_status":"open","sticky":false,"template":"","format":"standard","meta":{"activitypub_content_warning":"","activitypub_content_visibility":"","activitypub_max_image_attachments":4,"activitypub_interaction_policy_quote":"anyone","activitypub_status":"","footnotes":""},"categories":[66,5,37,11],"tags":[],"class_list":["post-5793","post","type-post","status-publish","format-standard","hentry","category-fahrradstadt","category-gedanken","category-imagine","category-veranderungen"],"_links":{"self":[{"href":"https:\/\/mega-stoffel.de\/weblog\/wp-json\/wp\/v2\/posts\/5793","targetHints":{"allow":["GET"]}}],"collection":[{"href":"https:\/\/mega-stoffel.de\/weblog\/wp-json\/wp\/v2\/posts"}],"about":[{"href":"https:\/\/mega-stoffel.de\/weblog\/wp-json\/wp\/v2\/types\/post"}],"author":[{"embeddable":true,"href":"https:\/\/mega-stoffel.de\/weblog\/wp-json\/wp\/v2\/users\/1"}],"replies":[{"embeddable":true,"href":"https:\/\/mega-stoffel.de\/weblog\/wp-json\/wp\/v2\/comments?post=5793"}],"version-history":[{"count":2,"href":"https:\/\/mega-stoffel.de\/weblog\/wp-json\/wp\/v2\/posts\/5793\/revisions"}],"predecessor-version":[{"id":5811,"href":"https:\/\/mega-stoffel.de\/weblog\/wp-json\/wp\/v2\/posts\/5793\/revisions\/5811"}],"wp:attachment":[{"href":"https:\/\/mega-stoffel.de\/weblog\/wp-json\/wp\/v2\/media?parent=5793"}],"wp:term":[{"taxonomy":"category","embeddable":true,"href":"https:\/\/mega-stoffel.de\/weblog\/wp-json\/wp\/v2\/categories?post=5793"},{"taxonomy":"post_tag","embeddable":true,"href":"https:\/\/mega-stoffel.de\/weblog\/wp-json\/wp\/v2\/tags?post=5793"}],"curies":[{"name":"wp","href":"https:\/\/api.w.org\/{rel}","templated":true}]}}