{"id":5844,"date":"2017-04-30T18:50:17","date_gmt":"2017-04-30T16:50:17","guid":{"rendered":"https:\/\/mega-stoffel.de\/weblog\/?p=5844"},"modified":"2017-05-29T01:05:07","modified_gmt":"2017-05-28T23:05:07","slug":"spezialrad-messe","status":"publish","type":"post","link":"https:\/\/mega-stoffel.de\/weblog\/2017\/04\/30\/spezialrad-messe\/","title":{"rendered":"Spezialrad-Messe"},"content":{"rendered":"<p><img loading=\"lazy\" decoding=\"async\" class=\"alignnone size-full wp-image-5846\" src=\"https:\/\/mega-stoffel.de\/weblog\/wp-content\/uploads\/2017\/05\/Spezi1.jpg\" alt=\"Anreise zur Spezi\" width=\"900\" height=\"900\" srcset=\"https:\/\/mega-stoffel.de\/weblog\/wp-content\/uploads\/2017\/05\/Spezi1.jpg 900w, https:\/\/mega-stoffel.de\/weblog\/wp-content\/uploads\/2017\/05\/Spezi1-150x150.jpg 150w, https:\/\/mega-stoffel.de\/weblog\/wp-content\/uploads\/2017\/05\/Spezi1-300x300.jpg 300w, https:\/\/mega-stoffel.de\/weblog\/wp-content\/uploads\/2017\/05\/Spezi1-768x768.jpg 768w, https:\/\/mega-stoffel.de\/weblog\/wp-content\/uploads\/2017\/05\/Spezi1-624x624.jpg 624w\" sizes=\"auto, (max-width: 900px) 100vw, 900px\" \/><br \/>\nvon dieser &#8222;Spezi&#8220;, der Spezialrad-Messe in Germersheim habe ich schon einiges geh\u00f6rt. Dieses Jahr ist es soweit: ich fahre tats\u00e4chlich mal hin. Neben &#8222;normalen&#8220; Lastenr\u00e4dern gibt es dort &#8211; wie es der Name schon sagt &#8211; jede Menge Spezialr\u00e4der. Alles, was man sonst nur in diesem Internet auf Bildern sieht, kann man hier in echt sehen und vieles davon auch direkt fahren. Ich habe mich mal auf ein paar Lieger\u00e4der gesetzt &#8211; das geht, wenn auch etwas wackelig. Aber ein gro\u00dfer Freund davon werde ich vermutlich nicht. Liege-Trikes dann schon eher. Und ich bin jetzt auch mal so eine &#8222;Zigarre&#8220;\/&#8220;Rakete&#8220; gefahren, also ein vollverkleidetes Liegerad, was in der Fachsprache &#8222;Velomobil&#8220; hei\u00dft. Davon habe ich mir deutlich mehr versprochen. Es hat zwar von der Gr\u00f6\u00dfe her nicht ganz gepasst, aber das war nicht das Problem. Es hat sich \u00e4u\u00dferst tr\u00e4ge angef\u00fchlt, damit dachte ich, dass man mit solchen R\u00e4dern viel agiler unterwegs w\u00e4re. Schade.<br \/>\nAber auch gut &#8211; denn sonst w\u00fcrde ich mir vielleicht so ein Ding auch noch mal zulegen. ;~)<\/p>\n<p>Den R\u00fcckweg habe ich dann (zumindest bis zum Karlsruher Hauptbahnhof) mit diesem Yuba-Rad absolviert. Dies haben wir f\u00fcr die Lastenrad-Initiative von der Firma <a href=\"http:\/\/www.e-lastenrad.de\/\" target=\"_blank\" rel=\"noopener noreferrer\">e-Lastenrad<\/a> aus Heidelberg zur Verf\u00fcgung bekommen.<br \/>\nEs kann unter diesem <a href=\"http:\/\/www.lastenrad-stuttgart.de\/cb_items\/naoko\" target=\"_blank\" rel=\"noopener noreferrer\">Link<\/a> nat\u00fcrlich auch schon gebucht werden! Es lohnt sich auf jeden Fall, dies mal zu fahren. Es f\u00e4hrt sich fast wie ein ganz normales Fahrrad; selbst dann, wenn man z.B. noch eine Person hinten drauf sitzen hat. Die gro\u00dfen Taschen, die dabei sind, kriegt man vermutlich mit einem normalen Gro\u00dfeinkauf nicht voll. Und dank eMotor-Unterst\u00fctzung merkt man von dem schweren Rad auch fast nix.<br \/>\n<img loading=\"lazy\" decoding=\"async\" class=\"alignnone size-full wp-image-5845\" src=\"https:\/\/mega-stoffel.de\/weblog\/wp-content\/uploads\/2017\/05\/Spezi2.jpg\" alt=\"R\u00fcckweg von der Spezi mit Yuba-Rad\" width=\"900\" height=\"726\" srcset=\"https:\/\/mega-stoffel.de\/weblog\/wp-content\/uploads\/2017\/05\/Spezi2.jpg 900w, https:\/\/mega-stoffel.de\/weblog\/wp-content\/uploads\/2017\/05\/Spezi2-300x242.jpg 300w, https:\/\/mega-stoffel.de\/weblog\/wp-content\/uploads\/2017\/05\/Spezi2-768x620.jpg 768w, https:\/\/mega-stoffel.de\/weblog\/wp-content\/uploads\/2017\/05\/Spezi2-624x503.jpg 624w\" sizes=\"auto, (max-width: 900px) 100vw, 900px\" \/><\/p>\n<p>WIr hatten auf der R\u00fcckfahrt durchaus etwas Spa\u00df mit dem Rad, als wir auf die F\u00e4hre warten mussten&#8230;.<\/p>\n<blockquote class=\"twitter-tweet\" data-width=\"500\" data-dnt=\"true\">\n<p lang=\"de\" dir=\"ltr\">Bisschen Spass vor der Rheinf\u00e4hre mit dem Yuba von e-lastenrad <a href=\"https:\/\/twitter.com\/Lastenrad_Stgt?ref_src=twsrc%5Etfw\">@Lastenrad_Stgt<\/a> <a href=\"https:\/\/t.co\/vwh1phacut\">pic.twitter.com\/vwh1phacut<\/a><\/p>\n<p>&mdash; <a rel=\"mention\" class=\"u-url mention\" href=\"https:\/\/kolektiva.social\/@tomOpenCS\">@tomOpenCS<\/a> (@tomOpenCS) <a href=\"https:\/\/twitter.com\/tomOpenCS\/status\/859774313599307777?ref_src=twsrc%5Etfw\">May 3, 2017<\/a><\/p><\/blockquote>\n<p><script async src=\"https:\/\/platform.twitter.com\/widgets.js\" charset=\"utf-8\"><\/script><\/p>\n","protected":false},"excerpt":{"rendered":"<p>von dieser &#8222;Spezi&#8220;, der Spezialrad-Messe in Germersheim habe ich schon einiges geh\u00f6rt. Dieses Jahr ist es soweit: ich fahre tats\u00e4chlich mal hin. Neben &#8222;normalen&#8220; Lastenr\u00e4dern gibt es dort &#8211; wie es der Name schon sagt &#8211; jede Menge Spezialr\u00e4der. Alles, was man sonst nur in diesem Internet auf Bildern sieht, kann man hier in echt [&hellip;]<\/p>\n","protected":false},"author":1,"featured_media":0,"comment_status":"open","ping_status":"open","sticky":false,"template":"","format":"standard","meta":{"activitypub_content_warning":"","activitypub_content_visibility":"","activitypub_max_image_attachments":4,"activitypub_interaction_policy_quote":"anyone","activitypub_status":"","footnotes":""},"categories":[66,5,11],"tags":[],"class_list":["post-5844","post","type-post","status-publish","format-standard","hentry","category-fahrradstadt","category-gedanken","category-veranderungen"],"_links":{"self":[{"href":"https:\/\/mega-stoffel.de\/weblog\/wp-json\/wp\/v2\/posts\/5844","targetHints":{"allow":["GET"]}}],"collection":[{"href":"https:\/\/mega-stoffel.de\/weblog\/wp-json\/wp\/v2\/posts"}],"about":[{"href":"https:\/\/mega-stoffel.de\/weblog\/wp-json\/wp\/v2\/types\/post"}],"author":[{"embeddable":true,"href":"https:\/\/mega-stoffel.de\/weblog\/wp-json\/wp\/v2\/users\/1"}],"replies":[{"embeddable":true,"href":"https:\/\/mega-stoffel.de\/weblog\/wp-json\/wp\/v2\/comments?post=5844"}],"version-history":[{"count":1,"href":"https:\/\/mega-stoffel.de\/weblog\/wp-json\/wp\/v2\/posts\/5844\/revisions"}],"predecessor-version":[{"id":5847,"href":"https:\/\/mega-stoffel.de\/weblog\/wp-json\/wp\/v2\/posts\/5844\/revisions\/5847"}],"wp:attachment":[{"href":"https:\/\/mega-stoffel.de\/weblog\/wp-json\/wp\/v2\/media?parent=5844"}],"wp:term":[{"taxonomy":"category","embeddable":true,"href":"https:\/\/mega-stoffel.de\/weblog\/wp-json\/wp\/v2\/categories?post=5844"},{"taxonomy":"post_tag","embeddable":true,"href":"https:\/\/mega-stoffel.de\/weblog\/wp-json\/wp\/v2\/tags?post=5844"}],"curies":[{"name":"wp","href":"https:\/\/api.w.org\/{rel}","templated":true}]}}