{"id":648,"date":"2008-11-07T16:25:23","date_gmt":"2008-11-07T14:25:23","guid":{"rendered":"http:\/\/www.mega-stoffel.de\/weblog\/?p=648"},"modified":"2008-11-07T16:25:23","modified_gmt":"2008-11-07T14:25:23","slug":"vernissage","status":"publish","type":"post","link":"https:\/\/mega-stoffel.de\/weblog\/2008\/11\/07\/vernissage\/","title":{"rendered":"Vernissage"},"content":{"rendered":"<p>die <span style=\"text-decoration: underline;\">Galerie x-tof<\/span> hat gerade er\u00f6ffnet. Ausgestellt sind ca. 40 Konzert-Bilder. So sieht&#8217;s aus:<br \/>\n<img loading=\"lazy\" decoding=\"async\" class=\"alignnone size-full wp-image-649\" title=\"Galerie x-tof\" src=\"http:\/\/www.mega-stoffel.de\/weblog\/wp-content\/uploads\/2008\/11\/081107.jpg\" alt=\"\" width=\"480\" height=\"517\" \/><br \/>\nSamstag Abend (8.11.) ist dann bis sp\u00e4t in die Nacht hinein die &#8222;Vernissage&#8220;. Wer m\u00f6chte, kann gerne vorbeikommen &#8211; oder sonst zu den \u00fcblichen \u00d6ffnungszeiten. ;~)<br \/>\nWer gerne mit dem K\u00fcnstler sprechen m\u00f6chte, dem wird eine vorherige Terminabsprache empfohlen.<\/p>\n","protected":false},"excerpt":{"rendered":"<p>die Galerie x-tof hat gerade er\u00f6ffnet. Ausgestellt sind ca. 40 Konzert-Bilder. So sieht&#8217;s aus: Samstag Abend (8.11.) ist dann bis sp\u00e4t in die Nacht hinein die &#8222;Vernissage&#8220;. Wer m\u00f6chte, kann gerne vorbeikommen &#8211; oder sonst zu den \u00fcblichen \u00d6ffnungszeiten. ;~) Wer gerne mit dem K\u00fcnstler sprechen m\u00f6chte, dem wird eine vorherige Terminabsprache empfohlen.<\/p>\n","protected":false},"author":1,"featured_media":0,"comment_status":"open","ping_status":"open","sticky":false,"template":"","format":"standard","meta":{"activitypub_content_warning":"","activitypub_content_visibility":"","activitypub_max_image_attachments":4,"activitypub_interaction_policy_quote":"anyone","activitypub_status":"","footnotes":""},"categories":[4],"tags":[],"class_list":["post-648","post","type-post","status-publish","format-standard","hentry","category-n-bild"],"_links":{"self":[{"href":"https:\/\/mega-stoffel.de\/weblog\/wp-json\/wp\/v2\/posts\/648","targetHints":{"allow":["GET"]}}],"collection":[{"href":"https:\/\/mega-stoffel.de\/weblog\/wp-json\/wp\/v2\/posts"}],"about":[{"href":"https:\/\/mega-stoffel.de\/weblog\/wp-json\/wp\/v2\/types\/post"}],"author":[{"embeddable":true,"href":"https:\/\/mega-stoffel.de\/weblog\/wp-json\/wp\/v2\/users\/1"}],"replies":[{"embeddable":true,"href":"https:\/\/mega-stoffel.de\/weblog\/wp-json\/wp\/v2\/comments?post=648"}],"version-history":[{"count":0,"href":"https:\/\/mega-stoffel.de\/weblog\/wp-json\/wp\/v2\/posts\/648\/revisions"}],"wp:attachment":[{"href":"https:\/\/mega-stoffel.de\/weblog\/wp-json\/wp\/v2\/media?parent=648"}],"wp:term":[{"taxonomy":"category","embeddable":true,"href":"https:\/\/mega-stoffel.de\/weblog\/wp-json\/wp\/v2\/categories?post=648"},{"taxonomy":"post_tag","embeddable":true,"href":"https:\/\/mega-stoffel.de\/weblog\/wp-json\/wp\/v2\/tags?post=648"}],"curies":[{"name":"wp","href":"https:\/\/api.w.org\/{rel}","templated":true}]}}