{"id":797,"date":"2009-04-02T19:30:02","date_gmt":"2009-04-02T17:30:02","guid":{"rendered":"http:\/\/www.mega-stoffel.de\/weblog\/?p=797"},"modified":"2009-04-02T19:30:02","modified_gmt":"2009-04-02T17:30:02","slug":"die-haare","status":"publish","type":"post","link":"https:\/\/mega-stoffel.de\/weblog\/2009\/04\/02\/die-haare\/","title":{"rendered":"die Haare"},"content":{"rendered":"<p>eigentlich dachte ich mal, dass ich einen kleinen Wettkampf mit der Natur machen k\u00f6nnte. Was wohl zuerst passiert: Dass meine Haare wieder lang werden oder dass sie mir ausfallen?<br \/>\nIch hatte mich mir dann so etwa vorgestellt:<br \/>\n<img loading=\"lazy\" decoding=\"async\" class=\"alignnone size-full wp-image-798\" title=\"mein Lego-Avatar, mit &quot;langen Haaren&quot;!\" src=\"http:\/\/www.mega-stoffel.de\/weblog\/wp-content\/uploads\/2009\/04\/090402.jpg\" alt=\"mein Lego-Avatar, mit &quot;langen Haaren&quot;!\" width=\"473\" height=\"632\" \/><br \/>\n(wer will, kann sich auch selbst so ein Bildchen <a title=\"DIY - dein eigener Lego-Avatar!\" href=\"http:\/\/www.reasonablyclever.com\/mm2\/index.htm\" target=\"_blank\">basteln<\/a>)<br \/>\nAllerdings sah ich dann im echten Leben eher so aus, wie auf meinem <a title=\"so lang wie schon lange nicht mehr!\" href=\"http:\/\/www.lastfm.de\/user\/mega-stoffel\" target=\"_blank\">last.fm-Account<\/a>. Anstatt des Gesichts war der Hintergrund gelb, etc.<br \/>\nDaher habe ich beschlossen, das Experiment abzubrechen. Wer wei\u00df, was sich die Natur noch so alles ausgedacht h\u00e4tte, wenn ich sie in dem Wettkampf besiegt h\u00e4tte. Mit der soll ja nicht zu spa\u00dfen sein&#8230;.<br \/>\nUm keinen &#8222;keine Haare mehr Schock&#8220; zu bekommen habe ich mich dazu entschlossen, mir mal einen Bart wachsen zu lassen. Aber das ist &#8211; soweit ich das nach drei Wochen beurteilen kann &#8211; auch keine gute Idee gewesen. Bis Ostern l\u00e4uft dieses Experiment noch. Ich werde vom Ausgang berichten.<br \/>\nP.S. dies war doch tats\u00e4chlich mein 5oo.ster Eintrag hier!<\/p>\n","protected":false},"excerpt":{"rendered":"<p>eigentlich dachte ich mal, dass ich einen kleinen Wettkampf mit der Natur machen k\u00f6nnte. Was wohl zuerst passiert: Dass meine Haare wieder lang werden oder dass sie mir ausfallen? Ich hatte mich mir dann so etwa vorgestellt: (wer will, kann sich auch selbst so ein Bildchen basteln) Allerdings sah ich dann im echten Leben eher [&hellip;]<\/p>\n","protected":false},"author":1,"featured_media":0,"comment_status":"open","ping_status":"open","sticky":false,"template":"","format":"standard","meta":{"activitypub_content_warning":"","activitypub_content_visibility":"","activitypub_max_image_attachments":4,"activitypub_interaction_policy_quote":"anyone","activitypub_status":"","footnotes":""},"categories":[5,11],"tags":[],"class_list":["post-797","post","type-post","status-publish","format-standard","hentry","category-gedanken","category-veranderungen"],"_links":{"self":[{"href":"https:\/\/mega-stoffel.de\/weblog\/wp-json\/wp\/v2\/posts\/797","targetHints":{"allow":["GET"]}}],"collection":[{"href":"https:\/\/mega-stoffel.de\/weblog\/wp-json\/wp\/v2\/posts"}],"about":[{"href":"https:\/\/mega-stoffel.de\/weblog\/wp-json\/wp\/v2\/types\/post"}],"author":[{"embeddable":true,"href":"https:\/\/mega-stoffel.de\/weblog\/wp-json\/wp\/v2\/users\/1"}],"replies":[{"embeddable":true,"href":"https:\/\/mega-stoffel.de\/weblog\/wp-json\/wp\/v2\/comments?post=797"}],"version-history":[{"count":0,"href":"https:\/\/mega-stoffel.de\/weblog\/wp-json\/wp\/v2\/posts\/797\/revisions"}],"wp:attachment":[{"href":"https:\/\/mega-stoffel.de\/weblog\/wp-json\/wp\/v2\/media?parent=797"}],"wp:term":[{"taxonomy":"category","embeddable":true,"href":"https:\/\/mega-stoffel.de\/weblog\/wp-json\/wp\/v2\/categories?post=797"},{"taxonomy":"post_tag","embeddable":true,"href":"https:\/\/mega-stoffel.de\/weblog\/wp-json\/wp\/v2\/tags?post=797"}],"curies":[{"name":"wp","href":"https:\/\/api.w.org\/{rel}","templated":true}]}}