{"id":8604,"date":"2018-02-15T19:45:31","date_gmt":"2018-02-15T18:45:31","guid":{"rendered":"https:\/\/mega-stoffel.de\/weblog\/?p=8604"},"modified":"2018-02-18T12:10:11","modified_gmt":"2018-02-18T11:10:11","slug":"in-dunedin","status":"publish","type":"post","link":"https:\/\/mega-stoffel.de\/weblog\/2018\/02\/15\/in-dunedin\/","title":{"rendered":"in Dunedin"},"content":{"rendered":"<p>nicht, dass ich den Pausentag gebraucht h\u00e4tte, aber ich habe ja Zeit. Also bleibe ich noch einen Tag in Dunedin und schaue mich ein bisschen um. Eine Sache, die ich mal vor langer Zeit gelernt habe: hier gibt es die steilste Stra\u00dfe innerhalb eines Wohngebietes, die\u00a0<a href=\"https:\/\/de.wikipedia.org\/wiki\/Baldwin_Street\" target=\"_blank\" rel=\"noopener\">Baldwin Street<\/a>. Den Namen wusste ich nat\u00fcrlich nicht mehr, aber den konnte ich ja einfach erfragen.<br \/>\nDas schaue ich mir doch mal an!<img loading=\"lazy\" decoding=\"async\" class=\"alignnone size-full wp-image-8612\" src=\"https:\/\/mega-stoffel.de\/weblog\/wp-content\/uploads\/2018\/02\/wp-1518942883389..jpg\" width=\"1024\" height=\"768\" srcset=\"https:\/\/mega-stoffel.de\/weblog\/wp-content\/uploads\/2018\/02\/wp-1518942883389..jpg 1024w, https:\/\/mega-stoffel.de\/weblog\/wp-content\/uploads\/2018\/02\/wp-1518942883389.-300x225.jpg 300w, https:\/\/mega-stoffel.de\/weblog\/wp-content\/uploads\/2018\/02\/wp-1518942883389.-768x576.jpg 768w, https:\/\/mega-stoffel.de\/weblog\/wp-content\/uploads\/2018\/02\/wp-1518942883389.-624x468.jpg 624w\" sizes=\"auto, (max-width: 1024px) 100vw, 1024px\" \/><br \/>\nNat\u00fcrlich ohne Gep\u00e4ck fahre ich die paar Kilometer zur Baldwin Street. Da im Hintergrund kann man die Wand von Stra\u00dfe schon erkennen. Mir w\u00e4re das als Anwohner ja zu bl\u00f6d, dass da st\u00e4ndig die Touristen hochkeuchen oder ihre Mistkarren gerade noch so hochgefahren kriegen. Aber gut, ich stehe ja heute auf der anderen Seite und probiere auch mein Gl\u00fcck.<br \/>\nEs geht aber nicht, zumindest fehlt mir der letzte Funken Motivation um diese 67m Anstieg auf 350m Strecke zu bew\u00e4ltigen. Nach einigen Metern mit etwa 30% Steigung geht mir die Puste aus (Pausentag, ey!), als es wieder zu &#8222;gem\u00fctlichen&#8220; 18% wird, steige ich wieder auf und fahre den Rest hoch (<a href=\"https:\/\/www.strava.com\/activities\/1408145764\/\" target=\"_blank\" rel=\"noopener\">Strava-Daten<\/a>).<br \/>\n<img loading=\"lazy\" decoding=\"async\" class=\"alignnone wp-image-8609 size-full\" style=\"font-size: 1rem;\" src=\"https:\/\/mega-stoffel.de\/weblog\/wp-content\/uploads\/2018\/02\/wp-1518942883214..jpg\" width=\"1024\" height=\"926\" srcset=\"https:\/\/mega-stoffel.de\/weblog\/wp-content\/uploads\/2018\/02\/wp-1518942883214..jpg 1024w, https:\/\/mega-stoffel.de\/weblog\/wp-content\/uploads\/2018\/02\/wp-1518942883214.-300x271.jpg 300w, https:\/\/mega-stoffel.de\/weblog\/wp-content\/uploads\/2018\/02\/wp-1518942883214.-768x695.jpg 768w, https:\/\/mega-stoffel.de\/weblog\/wp-content\/uploads\/2018\/02\/wp-1518942883214.-624x564.jpg 624w\" sizes=\"auto, (max-width: 1024px) 100vw, 1024px\" \/><br \/>\n<!--more-->Vielleicht lag es auch nur an diesem nicht besonders nahrhaften Power-zweitem-Fr\u00fchst\u00fcck.<br \/>\n<img loading=\"lazy\" decoding=\"async\" class=\"alignnone wp-image-8607 size-full\" src=\"https:\/\/mega-stoffel.de\/weblog\/wp-content\/uploads\/2018\/02\/wp-1518942883146..jpg\" width=\"1024\" height=\"649\" srcset=\"https:\/\/mega-stoffel.de\/weblog\/wp-content\/uploads\/2018\/02\/wp-1518942883146..jpg 1024w, https:\/\/mega-stoffel.de\/weblog\/wp-content\/uploads\/2018\/02\/wp-1518942883146.-300x190.jpg 300w, https:\/\/mega-stoffel.de\/weblog\/wp-content\/uploads\/2018\/02\/wp-1518942883146.-768x487.jpg 768w, https:\/\/mega-stoffel.de\/weblog\/wp-content\/uploads\/2018\/02\/wp-1518942883146.-624x395.jpg 624w\" sizes=\"auto, (max-width: 1024px) 100vw, 1024px\" \/><br \/>\nIrgendwie sieht es auf dem Foto gar nicht so beeindruckend aus, wie in der Realit\u00e4t. In echt kam mir es eher wie eine Wand vor, die sich dort vor mir auft\u00fcrmte.<br \/>\n<img loading=\"lazy\" decoding=\"async\" class=\"alignnone wp-image-8617 size-full\" src=\"https:\/\/mega-stoffel.de\/weblog\/wp-content\/uploads\/2018\/02\/wp-1518942883245..jpg\" width=\"1024\" height=\"627\" srcset=\"https:\/\/mega-stoffel.de\/weblog\/wp-content\/uploads\/2018\/02\/wp-1518942883245..jpg 1024w, https:\/\/mega-stoffel.de\/weblog\/wp-content\/uploads\/2018\/02\/wp-1518942883245.-300x184.jpg 300w, https:\/\/mega-stoffel.de\/weblog\/wp-content\/uploads\/2018\/02\/wp-1518942883245.-768x470.jpg 768w, https:\/\/mega-stoffel.de\/weblog\/wp-content\/uploads\/2018\/02\/wp-1518942883245.-624x382.jpg 624w\" sizes=\"auto, (max-width: 1024px) 100vw, 1024px\" \/><br \/>\nOben ist dieses Schild, allerdings verstehe ich diese Steigungsangabe 1.2.86(19) nicht, der oben verlinkte Wikipedia Artikel ist hier zum Gl\u00fcck hilfreich.<br \/>\n<img loading=\"lazy\" decoding=\"async\" class=\"alignnone size-full wp-image-8611\" src=\"https:\/\/mega-stoffel.de\/weblog\/wp-content\/uploads\/2018\/02\/wp-1518942883312..jpg\" width=\"836\" height=\"1024\" srcset=\"https:\/\/mega-stoffel.de\/weblog\/wp-content\/uploads\/2018\/02\/wp-1518942883312..jpg 836w, https:\/\/mega-stoffel.de\/weblog\/wp-content\/uploads\/2018\/02\/wp-1518942883312.-245x300.jpg 245w, https:\/\/mega-stoffel.de\/weblog\/wp-content\/uploads\/2018\/02\/wp-1518942883312.-768x941.jpg 768w, https:\/\/mega-stoffel.de\/weblog\/wp-content\/uploads\/2018\/02\/wp-1518942883312.-624x764.jpg 624w\" sizes=\"auto, (max-width: 836px) 100vw, 836px\" \/><br \/>\nDer Blick von oben sieht dann so aus. Teilweise ist die Stra\u00dfe so steil, dass man sie von hier nicht mal mehr sehen kann.<br \/>\n<img loading=\"lazy\" decoding=\"async\" class=\"alignnone wp-image-8610 size-full\" src=\"https:\/\/mega-stoffel.de\/weblog\/wp-content\/uploads\/2018\/02\/wp-1518942883290..jpg\" width=\"612\" height=\"1024\" srcset=\"https:\/\/mega-stoffel.de\/weblog\/wp-content\/uploads\/2018\/02\/wp-1518942883290..jpg 612w, https:\/\/mega-stoffel.de\/weblog\/wp-content\/uploads\/2018\/02\/wp-1518942883290.-179x300.jpg 179w\" sizes=\"auto, (max-width: 612px) 100vw, 612px\" \/><br \/>\nOben ist auch eine Bank, auf der man sich dann ausruhen kann. Die wurde von einigen Leuten benutzt, die sich &#8211; als sie nach Minuten-langem Schnaufen endlich wieder normal atmen konnten &#8211; dort erst mal eine Zigarette angez\u00fcndet haben. Aber das hat ja alles nix mit nix zu tun.<br \/>\n<img loading=\"lazy\" decoding=\"async\" class=\"alignnone size-full wp-image-8618\" src=\"https:\/\/mega-stoffel.de\/weblog\/wp-content\/uploads\/2018\/02\/wp-1518942883340..jpg\" width=\"1024\" height=\"680\" srcset=\"https:\/\/mega-stoffel.de\/weblog\/wp-content\/uploads\/2018\/02\/wp-1518942883340..jpg 1024w, https:\/\/mega-stoffel.de\/weblog\/wp-content\/uploads\/2018\/02\/wp-1518942883340.-300x199.jpg 300w, https:\/\/mega-stoffel.de\/weblog\/wp-content\/uploads\/2018\/02\/wp-1518942883340.-768x510.jpg 768w, https:\/\/mega-stoffel.de\/weblog\/wp-content\/uploads\/2018\/02\/wp-1518942883340.-624x414.jpg 624w\" sizes=\"auto, (max-width: 1024px) 100vw, 1024px\" \/><br \/>\nDann ging es wieder runter und weiter durch die Stadt. Der &#8222;Todesberg&#8220; ist immer zu sehen.<br \/>\n<img loading=\"lazy\" decoding=\"async\" class=\"alignnone wp-image-8613 size-full\" src=\"https:\/\/mega-stoffel.de\/weblog\/wp-content\/uploads\/2018\/02\/wp-1518942883423..jpg\" width=\"1024\" height=\"660\" srcset=\"https:\/\/mega-stoffel.de\/weblog\/wp-content\/uploads\/2018\/02\/wp-1518942883423..jpg 1024w, https:\/\/mega-stoffel.de\/weblog\/wp-content\/uploads\/2018\/02\/wp-1518942883423.-300x193.jpg 300w, https:\/\/mega-stoffel.de\/weblog\/wp-content\/uploads\/2018\/02\/wp-1518942883423.-768x495.jpg 768w, https:\/\/mega-stoffel.de\/weblog\/wp-content\/uploads\/2018\/02\/wp-1518942883423.-624x402.jpg 624w\" sizes=\"auto, (max-width: 1024px) 100vw, 1024px\" \/><br \/>\nDann komme ich noch zuf\u00e4llig an einer Mischung aus einer offenen Werkstatt und einer Bike-Kitchen vorbei, dem <a href=\"https:\/\/valleyworkspace.org\/\" target=\"_blank\" rel=\"noopener\">Valley Community Workspace<\/a>. Angeschlossen ist noch ein e-Bike Gesch\u00e4ft, die allerdings noch nicht richtig viele R\u00e4der verkaufen. Aber ich konnte ihnen Mut machen, dass in Deutschland schon ein richtiger Boom um diese R\u00e4der eingesetzt hat und es bestimmt nicht mehr lange dauern wird, bis dieser Trend &#8211; oder besser: diese Bewegung &#8211; dann auch endlich nach Neuseeland kommen wird.<br \/>\nAls ich ein selbst geschwei\u00dftes Tandem an der Wand hingen sah, fragte ich, ob es auch ein Tallbike hier irgendwo gibt. Haben sie aber leider nicht gehabt. Ich habe noch die Idee der Critical Mass erneut ges\u00e4t, die hier offenbar leider etwas eingeschlafen ist. Ich hoffe, dass es in Zukunft hier anders sein wird. \ud83d\ude42<br \/>\n<img loading=\"lazy\" decoding=\"async\" class=\"alignnone size-full wp-image-8606\" src=\"https:\/\/mega-stoffel.de\/weblog\/wp-content\/uploads\/2018\/02\/wp-1518942883101..jpg\" width=\"1024\" height=\"514\" srcset=\"https:\/\/mega-stoffel.de\/weblog\/wp-content\/uploads\/2018\/02\/wp-1518942883101..jpg 1024w, https:\/\/mega-stoffel.de\/weblog\/wp-content\/uploads\/2018\/02\/wp-1518942883101.-300x151.jpg 300w, https:\/\/mega-stoffel.de\/weblog\/wp-content\/uploads\/2018\/02\/wp-1518942883101.-768x386.jpg 768w, https:\/\/mega-stoffel.de\/weblog\/wp-content\/uploads\/2018\/02\/wp-1518942883101.-624x313.jpg 624w\" sizes=\"auto, (max-width: 1024px) 100vw, 1024px\" \/><br \/>\nDies ist eine andere Stra\u00dfe auf den &#8222;Todesberg&#8220;. Hat wohl &#8222;nur&#8220; so um die 20% Steigung, sieht daf\u00fcr aber l\u00e4nger aus. Probiert habe ich mich daran nicht mehr (Pausentag!). Kann mir aber gut vorstellen, dass eines Tages die e-Bikes in dieser Stadt einen richtigen Aufschwung erleben werden.<br \/>\n<img loading=\"lazy\" decoding=\"async\" class=\"alignnone wp-image-8614 size-full\" src=\"https:\/\/mega-stoffel.de\/weblog\/wp-content\/uploads\/2018\/02\/wp-1518942883459..jpg\" width=\"1024\" height=\"722\" srcset=\"https:\/\/mega-stoffel.de\/weblog\/wp-content\/uploads\/2018\/02\/wp-1518942883459..jpg 1024w, https:\/\/mega-stoffel.de\/weblog\/wp-content\/uploads\/2018\/02\/wp-1518942883459.-300x212.jpg 300w, https:\/\/mega-stoffel.de\/weblog\/wp-content\/uploads\/2018\/02\/wp-1518942883459.-768x542.jpg 768w, https:\/\/mega-stoffel.de\/weblog\/wp-content\/uploads\/2018\/02\/wp-1518942883459.-624x440.jpg 624w\" sizes=\"auto, (max-width: 1024px) 100vw, 1024px\" \/><br \/>\nDie Rad-Infrastruktur ist allerdings bisher nur rudiment\u00e4r vorhanden. Der seltsame Radweg auf Fu\u00dfwegen in die Stadt rein war daf\u00fcr nur ein Beispiel, vermutlich der vorherrschenden Meinung hier geschuldet, dass man auf der Stra\u00dfe ja nicht radfahren kann\/darf.<br \/>\nAuch dieses Beispiel ist recht sonderbar: warum wird der Radweg auf der falschen Seite (Linksverkehr) der Stra\u00dfe angelegt? Das wird doch fr\u00fcher oder sp\u00e4ter zu Komplikationen f\u00fchren &#8211; wenn er denn \u00fcberhaupt genutzt wird.<br \/>\n<img loading=\"lazy\" decoding=\"async\" class=\"alignnone size-full wp-image-8608\" style=\"font-size: 1rem;\" src=\"https:\/\/mega-stoffel.de\/weblog\/wp-content\/uploads\/2018\/02\/wp-1518942883173..jpg\" width=\"1024\" height=\"782\" srcset=\"https:\/\/mega-stoffel.de\/weblog\/wp-content\/uploads\/2018\/02\/wp-1518942883173..jpg 1024w, https:\/\/mega-stoffel.de\/weblog\/wp-content\/uploads\/2018\/02\/wp-1518942883173.-300x229.jpg 300w, https:\/\/mega-stoffel.de\/weblog\/wp-content\/uploads\/2018\/02\/wp-1518942883173.-768x587.jpg 768w, https:\/\/mega-stoffel.de\/weblog\/wp-content\/uploads\/2018\/02\/wp-1518942883173.-624x477.jpg 624w\" sizes=\"auto, (max-width: 1024px) 100vw, 1024px\" \/><br \/>\nUnd solche Rechtsabbiege-L\u00f6sungen mit einer Bucht f\u00fcr gerade mal wenige Radler, die noch dazu in zwei Ampelphasen, inkl. Bettelampel, abbiegen m\u00fcssen, sind auch nicht besonders weit gedacht, wobei der\/die erste RadlerIn wenigstens ein Haltegriff hat, um nicht absteigen zu m\u00fcssen.<br \/>\n<img loading=\"lazy\" decoding=\"async\" class=\"alignnone size-full wp-image-8615\" src=\"https:\/\/mega-stoffel.de\/weblog\/wp-content\/uploads\/2018\/02\/wp-1518942883490..jpg\" width=\"1024\" height=\"912\" srcset=\"https:\/\/mega-stoffel.de\/weblog\/wp-content\/uploads\/2018\/02\/wp-1518942883490..jpg 1024w, https:\/\/mega-stoffel.de\/weblog\/wp-content\/uploads\/2018\/02\/wp-1518942883490.-300x267.jpg 300w, https:\/\/mega-stoffel.de\/weblog\/wp-content\/uploads\/2018\/02\/wp-1518942883490.-768x684.jpg 768w, https:\/\/mega-stoffel.de\/weblog\/wp-content\/uploads\/2018\/02\/wp-1518942883490.-624x556.jpg 624w\" sizes=\"auto, (max-width: 1024px) 100vw, 1024px\" \/><br \/>\nDann habe ich mir auch wieder ein ordentliches Abendbrot verdient. Heute mal einige geschmolzene K\u00e4sebrote mit Tomaten und den restlichen Oliven &#8211; und ein Hip Hop Pilsener.<br \/>\n<img loading=\"lazy\" decoding=\"async\" class=\"alignnone wp-image-8616 size-full\" style=\"font-size: 1rem;\" src=\"https:\/\/mega-stoffel.de\/weblog\/wp-content\/uploads\/2018\/02\/wp-1518942883524..jpg\" width=\"768\" height=\"1024\" srcset=\"https:\/\/mega-stoffel.de\/weblog\/wp-content\/uploads\/2018\/02\/wp-1518942883524..jpg 768w, https:\/\/mega-stoffel.de\/weblog\/wp-content\/uploads\/2018\/02\/wp-1518942883524.-225x300.jpg 225w, https:\/\/mega-stoffel.de\/weblog\/wp-content\/uploads\/2018\/02\/wp-1518942883524.-624x832.jpg 624w\" sizes=\"auto, (max-width: 768px) 100vw, 768px\" \/><\/p>\n<blockquote class=\"embedly-card\" data-card-controls=\"0\" data-card-key=\"f1631a41cb254ca5b035dc5747a5bd75\">\n<h4><a href=\"https:\/\/www.relive.cc\/view\/1408145764?r=embed-site\">Relive &#8218;in Dunedin&#8216;<\/a><\/h4>\n<\/blockquote>\n<p><script async src=\"\/\/cdn.embedly.com\/widgets\/platform.js\" charset=\"UTF-8\"><\/script><\/p>\n","protected":false},"excerpt":{"rendered":"<p>nicht, dass ich den Pausentag gebraucht h\u00e4tte, aber ich habe ja Zeit. Also bleibe ich noch einen Tag in Dunedin und schaue mich ein bisschen um. Eine Sache, die ich mal vor langer Zeit gelernt habe: hier gibt es die steilste Stra\u00dfe innerhalb eines Wohngebietes, die\u00a0Baldwin Street. Den Namen wusste ich nat\u00fcrlich nicht mehr, aber [&hellip;]<\/p>\n","protected":false},"author":1,"featured_media":0,"comment_status":"open","ping_status":"open","sticky":false,"template":"","format":"standard","meta":{"activitypub_content_warning":"","activitypub_content_visibility":"","activitypub_max_image_attachments":4,"activitypub_interaction_policy_quote":"anyone","activitypub_status":"","footnotes":""},"categories":[104],"tags":[],"class_list":["post-8604","post","type-post","status-publish","format-standard","hentry","category-sabbatical"],"_links":{"self":[{"href":"https:\/\/mega-stoffel.de\/weblog\/wp-json\/wp\/v2\/posts\/8604","targetHints":{"allow":["GET"]}}],"collection":[{"href":"https:\/\/mega-stoffel.de\/weblog\/wp-json\/wp\/v2\/posts"}],"about":[{"href":"https:\/\/mega-stoffel.de\/weblog\/wp-json\/wp\/v2\/types\/post"}],"author":[{"embeddable":true,"href":"https:\/\/mega-stoffel.de\/weblog\/wp-json\/wp\/v2\/users\/1"}],"replies":[{"embeddable":true,"href":"https:\/\/mega-stoffel.de\/weblog\/wp-json\/wp\/v2\/comments?post=8604"}],"version-history":[{"count":6,"href":"https:\/\/mega-stoffel.de\/weblog\/wp-json\/wp\/v2\/posts\/8604\/revisions"}],"predecessor-version":[{"id":8673,"href":"https:\/\/mega-stoffel.de\/weblog\/wp-json\/wp\/v2\/posts\/8604\/revisions\/8673"}],"wp:attachment":[{"href":"https:\/\/mega-stoffel.de\/weblog\/wp-json\/wp\/v2\/media?parent=8604"}],"wp:term":[{"taxonomy":"category","embeddable":true,"href":"https:\/\/mega-stoffel.de\/weblog\/wp-json\/wp\/v2\/categories?post=8604"},{"taxonomy":"post_tag","embeddable":true,"href":"https:\/\/mega-stoffel.de\/weblog\/wp-json\/wp\/v2\/tags?post=8604"}],"curies":[{"name":"wp","href":"https:\/\/api.w.org\/{rel}","templated":true}]}}