{"id":9633,"date":"2018-05-21T19:20:55","date_gmt":"2018-05-21T17:20:55","guid":{"rendered":"https:\/\/mega-stoffel.de\/weblog\/?p=9633"},"modified":"2018-05-27T23:46:26","modified_gmt":"2018-05-27T21:46:26","slug":"nach-deutschland","status":"publish","type":"post","link":"https:\/\/mega-stoffel.de\/weblog\/2018\/05\/21\/nach-deutschland\/","title":{"rendered":"nach Deutschland"},"content":{"rendered":"<p>jeden Morgen das selbe: das Wetter sieht nicht so schlecht aus.<br \/>\n<img loading=\"lazy\" decoding=\"async\" class=\"alignnone wp-image-9621 size-full\" src=\"https:\/\/mega-stoffel.de\/weblog\/wp-content\/uploads\/2018\/05\/wp-1526973487559..jpg\" width=\"1024\" height=\"1024\" srcset=\"https:\/\/mega-stoffel.de\/weblog\/wp-content\/uploads\/2018\/05\/wp-1526973487559..jpg 1024w, https:\/\/mega-stoffel.de\/weblog\/wp-content\/uploads\/2018\/05\/wp-1526973487559.-150x150.jpg 150w, https:\/\/mega-stoffel.de\/weblog\/wp-content\/uploads\/2018\/05\/wp-1526973487559.-300x300.jpg 300w, https:\/\/mega-stoffel.de\/weblog\/wp-content\/uploads\/2018\/05\/wp-1526973487559.-768x768.jpg 768w, https:\/\/mega-stoffel.de\/weblog\/wp-content\/uploads\/2018\/05\/wp-1526973487559.-624x624.jpg 624w\" sizes=\"auto, (max-width: 1024px) 100vw, 1024px\" \/><br \/>\nFranz, den ich gestern getroffen habe, radelt von Rom aus nach Hause. Er hat eine etwas andere Herangehensweise an das \u00dcbernachtungs-Thema: er fragte in Sterzing ein bisschen rum und hat f\u00fcr 80\u20ac ein Doppelzimmer ergattern k\u00f6nnen. Da ich mal wieder nicht wei\u00df, wo ich hin soll, entschlie\u00dfe ich mich einfach, sein Angebot, dieses Zimmer zu teilen, anzunehmen.<br \/>\nDas Hotel ist etwas gehobener, was mich sofort beeindruckt, ist diese Bienenwabe, anstatt einzeln eingepackter Honigportionen beim Fr\u00fchst\u00fcck.<br \/>\n<img loading=\"lazy\" decoding=\"async\" class=\"alignnone wp-image-9619 size-full\" style=\"font-size: 1rem;\" src=\"https:\/\/mega-stoffel.de\/weblog\/wp-content\/uploads\/2018\/05\/wp-1526973487516..jpg\" width=\"1024\" height=\"585\" srcset=\"https:\/\/mega-stoffel.de\/weblog\/wp-content\/uploads\/2018\/05\/wp-1526973487516..jpg 1024w, https:\/\/mega-stoffel.de\/weblog\/wp-content\/uploads\/2018\/05\/wp-1526973487516.-300x171.jpg 300w, https:\/\/mega-stoffel.de\/weblog\/wp-content\/uploads\/2018\/05\/wp-1526973487516.-768x439.jpg 768w, https:\/\/mega-stoffel.de\/weblog\/wp-content\/uploads\/2018\/05\/wp-1526973487516.-624x356.jpg 624w\" sizes=\"auto, (max-width: 1024px) 100vw, 1024px\" \/><br \/>\n<!--more-->Franz f\u00e4hrt direkt nach dem fr\u00fchen Fr\u00fchst\u00fcck los, ich lasse mir noch ein bisschen Zeit und probiere danach einen Radladen f\u00fcr die gebrochene Speiche zu finden. (funktioniert aber nicht, auch hier in Italien ist heute Feiertag)<br \/>\nNachdem die Gurkerei auf dem Radweg gestern ziemlich l\u00e4stig war (kurvig, dreckig, h\u00fcgelig), habe ich beschlossen, heute auf der Stra\u00dfe zu fahren. Da die meisten Autos sowieso auf der Autobahn direkt daneben fahren, sollte das ja auch gar kein Problem sein.<br \/>\nPustekuchen! Gleich am Anfang ist mal wieder ein Schild &#8222;Fahrr\u00e4der verboten&#8220; (aufgrund eines kommenden Tunnels). Also muss ich wieder auf den Radweg \u00fcber den Berg, wo der Tunnel drunter her f\u00e4hrt.<br \/>\n<img loading=\"lazy\" decoding=\"async\" class=\"alignnone wp-image-9622 size-full\" style=\"font-size: 1rem;\" src=\"https:\/\/mega-stoffel.de\/weblog\/wp-content\/uploads\/2018\/05\/wp-1526973487581..jpg\" width=\"1024\" height=\"643\" srcset=\"https:\/\/mega-stoffel.de\/weblog\/wp-content\/uploads\/2018\/05\/wp-1526973487581..jpg 1024w, https:\/\/mega-stoffel.de\/weblog\/wp-content\/uploads\/2018\/05\/wp-1526973487581.-300x188.jpg 300w, https:\/\/mega-stoffel.de\/weblog\/wp-content\/uploads\/2018\/05\/wp-1526973487581.-768x482.jpg 768w, https:\/\/mega-stoffel.de\/weblog\/wp-content\/uploads\/2018\/05\/wp-1526973487581.-624x392.jpg 624w\" sizes=\"auto, (max-width: 1024px) 100vw, 1024px\" \/><br \/>\nDanach wechsle ich wieder zur Stra\u00dfe, habe aber die Motorrrad-Fahrer nicht bedacht. An einem sch\u00f6nen Tag an einem langen Wochenende tummeln die sich nur so auf dieser Brenner-Passstra\u00dfe. Und nach meiner empirischen &#8222;Untersuchung&#8220; scheinen sich unter den Motorrad-Fahrern signifikant mehr Idioten zu befinden, als bei der normalen Bev\u00f6lkerung.<br \/>\nAlso wechsle ich sogar freiwillig wieder auf den Radweg neben der Stra\u00dfe. Von dort aus sehe ich auch dieses &#8222;Schnapszahlen-Stilleben&#8220;, 12x die F\u00fcnf, und je zwei Dreier und Nullen.<br \/>\n<img loading=\"lazy\" decoding=\"async\" class=\"alignnone wp-image-9623 size-full\" src=\"https:\/\/mega-stoffel.de\/weblog\/wp-content\/uploads\/2018\/05\/wp-1526973487614..jpg\" width=\"1024\" height=\"837\" srcset=\"https:\/\/mega-stoffel.de\/weblog\/wp-content\/uploads\/2018\/05\/wp-1526973487614..jpg 1024w, https:\/\/mega-stoffel.de\/weblog\/wp-content\/uploads\/2018\/05\/wp-1526973487614.-300x245.jpg 300w, https:\/\/mega-stoffel.de\/weblog\/wp-content\/uploads\/2018\/05\/wp-1526973487614.-768x628.jpg 768w, https:\/\/mega-stoffel.de\/weblog\/wp-content\/uploads\/2018\/05\/wp-1526973487614.-624x510.jpg 624w\" sizes=\"auto, (max-width: 1024px) 100vw, 1024px\" \/><br \/>\nKurz darauf bin ich <a href=\"https:\/\/www.strava.com\/activities\/1586783080\" target=\"_blank\" rel=\"noopener\">oben<\/a>, der Brenner-Pass hat nicht mal 1400m. Jetze geht es mal ein Weilchen sch\u00f6n abw\u00e4rts, und wenn ich das so sehe, geht die Autobahn wohl deutlich weniger abw\u00e4rts. Das wird wohl nur eines bedeuten: ich muss nachher bestimmt mal wieder ein paar Meter rauf.<br \/>\n<img loading=\"lazy\" decoding=\"async\" class=\"alignnone size-full wp-image-9620\" src=\"https:\/\/mega-stoffel.de\/weblog\/wp-content\/uploads\/2018\/05\/wp-1526973487642..jpg\" width=\"814\" height=\"1024\" srcset=\"https:\/\/mega-stoffel.de\/weblog\/wp-content\/uploads\/2018\/05\/wp-1526973487642..jpg 814w, https:\/\/mega-stoffel.de\/weblog\/wp-content\/uploads\/2018\/05\/wp-1526973487642.-238x300.jpg 238w, https:\/\/mega-stoffel.de\/weblog\/wp-content\/uploads\/2018\/05\/wp-1526973487642.-768x966.jpg 768w, https:\/\/mega-stoffel.de\/weblog\/wp-content\/uploads\/2018\/05\/wp-1526973487642.-624x785.jpg 624w\" sizes=\"auto, (max-width: 814px) 100vw, 814px\" \/><br \/>\nIn dem Moment habe ich mich gefragt: was ist denn wohl der Unterschied zwischen den Rockies in Kanada, den Southern Alps in Neuseeland und den Alpen? Ich wei\u00df es gar nicht so genau, es sieht \u00fcberall relativ \u00e4hnlich aus; der offensichtliche Unterschied, der mit aufgefallen ist: hier in den Alpen kann ich nirgendwo hin schauen, wo nicht irgendein Haus, eine H\u00fctte oder eine ganze Ortschaft ist. Das war in Kanada und Neuseeland ganz anders, dort waren beinahe tagelang keine H\u00e4user zu sehen, oder vielleicht h\u00f6chstens mal eines. Ebenso gibt es dort keine &#8222;bewirtschafteten Fl\u00e4chen&#8220;, wie man hier \u00fcberall an den gem\u00e4hten Wiesen sehen kann. Aber gut, wenn sich 35 Millionen Leute das zweitgr\u00f6\u00dfte Land der Welt teilen (was wirklich riesig gro\u00df ist) oder eben vier Millionen das kleine Neuseeland (wobei die meisten davon auch noch in den wenigen gro\u00dfen St\u00e4dten leben), dann kann da einfach nicht \u00fcberall ein Haus stehen.<br \/>\n<img loading=\"lazy\" decoding=\"async\" class=\"alignnone wp-image-9624 size-full\" src=\"https:\/\/mega-stoffel.de\/weblog\/wp-content\/uploads\/2018\/05\/wp-1526973487665..jpg\" width=\"1024\" height=\"548\" srcset=\"https:\/\/mega-stoffel.de\/weblog\/wp-content\/uploads\/2018\/05\/wp-1526973487665..jpg 1024w, https:\/\/mega-stoffel.de\/weblog\/wp-content\/uploads\/2018\/05\/wp-1526973487665.-300x161.jpg 300w, https:\/\/mega-stoffel.de\/weblog\/wp-content\/uploads\/2018\/05\/wp-1526973487665.-768x411.jpg 768w, https:\/\/mega-stoffel.de\/weblog\/wp-content\/uploads\/2018\/05\/wp-1526973487665.-624x334.jpg 624w\" sizes=\"auto, (max-width: 1024px) 100vw, 1024px\" \/><br \/>\nHier stehen nach einer Kurve dann ganz viele H\u00e4user: Innsbruck. Auch hier ist alles zu. Ich kriege keine Speiche ersetzt und nichts zum Essen. Also fahre ich halt weiter.<br \/>\n<img loading=\"lazy\" decoding=\"async\" class=\"alignnone wp-image-9625 size-full\" src=\"https:\/\/mega-stoffel.de\/weblog\/wp-content\/uploads\/2018\/05\/wp-1526973487685..jpg\" width=\"1024\" height=\"686\" srcset=\"https:\/\/mega-stoffel.de\/weblog\/wp-content\/uploads\/2018\/05\/wp-1526973487685..jpg 1024w, https:\/\/mega-stoffel.de\/weblog\/wp-content\/uploads\/2018\/05\/wp-1526973487685.-300x201.jpg 300w, https:\/\/mega-stoffel.de\/weblog\/wp-content\/uploads\/2018\/05\/wp-1526973487685.-768x515.jpg 768w, https:\/\/mega-stoffel.de\/weblog\/wp-content\/uploads\/2018\/05\/wp-1526973487685.-624x418.jpg 624w\" sizes=\"auto, (max-width: 1024px) 100vw, 1024px\" \/><br \/>\nMir begegnen nochmal solche Schilder, die f\u00fcr gegenseitige R\u00fccksichtnahme im Verkehr werben.<br \/>\n<img loading=\"lazy\" decoding=\"async\" class=\"alignnone size-full wp-image-9626\" src=\"https:\/\/mega-stoffel.de\/weblog\/wp-content\/uploads\/2018\/05\/wp-1526973487707..jpg\" width=\"1024\" height=\"770\" srcset=\"https:\/\/mega-stoffel.de\/weblog\/wp-content\/uploads\/2018\/05\/wp-1526973487707..jpg 1024w, https:\/\/mega-stoffel.de\/weblog\/wp-content\/uploads\/2018\/05\/wp-1526973487707.-300x226.jpg 300w, https:\/\/mega-stoffel.de\/weblog\/wp-content\/uploads\/2018\/05\/wp-1526973487707.-768x578.jpg 768w, https:\/\/mega-stoffel.de\/weblog\/wp-content\/uploads\/2018\/05\/wp-1526973487707.-624x469.jpg 624w\" sizes=\"auto, (max-width: 1024px) 100vw, 1024px\" \/><br \/>\nUnd ich erblicke ein solches putziges kleines Elektro-Mobil. Laut deren Homepage kann es 50km\/h fahren und hat eine Reichweite von 70km &#8211; und das ganze dann f\u00fcr ca. 7000\u20ac. \u00dcberzeugt mich nicht, aber vielleicht will ja jemand anderes mal einen zweiten Blick auf die <a href=\"http:\/\/rucktuk.com\/\" target=\"_blank\" rel=\"noopener\">Seite<\/a> werfen?<img loading=\"lazy\" decoding=\"async\" class=\"alignnone wp-image-9632 size-full\" src=\"https:\/\/mega-stoffel.de\/weblog\/wp-content\/uploads\/2018\/05\/wp-1526973487897..jpg\" width=\"1024\" height=\"869\" srcset=\"https:\/\/mega-stoffel.de\/weblog\/wp-content\/uploads\/2018\/05\/wp-1526973487897..jpg 1024w, https:\/\/mega-stoffel.de\/weblog\/wp-content\/uploads\/2018\/05\/wp-1526973487897.-300x255.jpg 300w, https:\/\/mega-stoffel.de\/weblog\/wp-content\/uploads\/2018\/05\/wp-1526973487897.-768x652.jpg 768w, https:\/\/mega-stoffel.de\/weblog\/wp-content\/uploads\/2018\/05\/wp-1526973487897.-624x530.jpg 624w\" sizes=\"auto, (max-width: 1024px) 100vw, 1024px\" \/><br \/>\nDann kommt noch ein ziemlich fieser Berg, auf dem ich mehrmals absteigen musste. Oben stand ein gro\u00dfes Schild, das vor 16% warnte. Laut meinen GPS-Aufzeichnungen waren da deutlich steilere Teile dabei. Das ganze Ding hie\u00df &#8222;Zirler Berg&#8220;, bzw. Seefelder Stra\u00dfe. Das sollte ich mir wohl mal besser merken, nicht, dass ich nochmal irgendwann auf die Idee komme, dort zu fahren! Der Berg katapultierte mich innerhalb von 12km fast 600m hoch, von etwa 600m auf 1200m. Dann ging es ein paar Meter runter und kurz unter 1000m fuhr ich dann an diesem Schild vorbei. Ganz sch\u00f6n mutig, nachdem gerade in diesen Tagen dieses uns\u00e4glichen Polizei-Aufgaben-Gesetz PAG in Kraft tritt.<br \/>\n<img loading=\"lazy\" decoding=\"async\" class=\"alignnone size-full wp-image-9628\" src=\"https:\/\/mega-stoffel.de\/weblog\/wp-content\/uploads\/2018\/05\/wp-1526973487757..jpg\" width=\"1024\" height=\"797\" srcset=\"https:\/\/mega-stoffel.de\/weblog\/wp-content\/uploads\/2018\/05\/wp-1526973487757..jpg 1024w, https:\/\/mega-stoffel.de\/weblog\/wp-content\/uploads\/2018\/05\/wp-1526973487757.-300x233.jpg 300w, https:\/\/mega-stoffel.de\/weblog\/wp-content\/uploads\/2018\/05\/wp-1526973487757.-768x598.jpg 768w, https:\/\/mega-stoffel.de\/weblog\/wp-content\/uploads\/2018\/05\/wp-1526973487757.-624x486.jpg 624w\" sizes=\"auto, (max-width: 1024px) 100vw, 1024px\" \/><\/p>\n<p><img loading=\"lazy\" decoding=\"async\" class=\"alignnone wp-image-9627 size-full\" src=\"https:\/\/mega-stoffel.de\/weblog\/wp-content\/uploads\/2018\/05\/wp-1526973487731..jpg\" width=\"834\" height=\"1024\" srcset=\"https:\/\/mega-stoffel.de\/weblog\/wp-content\/uploads\/2018\/05\/wp-1526973487731..jpg 834w, https:\/\/mega-stoffel.de\/weblog\/wp-content\/uploads\/2018\/05\/wp-1526973487731.-244x300.jpg 244w, https:\/\/mega-stoffel.de\/weblog\/wp-content\/uploads\/2018\/05\/wp-1526973487731.-768x943.jpg 768w, https:\/\/mega-stoffel.de\/weblog\/wp-content\/uploads\/2018\/05\/wp-1526973487731.-624x766.jpg 624w\" sizes=\"auto, (max-width: 834px) 100vw, 834px\" \/><br \/>\nKurz drauf f\u00e4ngt es wieder zum Regnen an und ich finde nichts zum Unterstellen, also erwischt es mich ein paar Kilometer lang, bis ich in Mittenwald eine Pause in einer Eisdiele machen kann. Bisschen ungerecht ist ja, dass ich selbst im Regen stehe, w\u00e4hrend ich die Berggipfel in der Ferne im strahlenden Sonnenschein sehe.<br \/>\n<img loading=\"lazy\" decoding=\"async\" class=\"alignnone wp-image-9629 size-full\" src=\"https:\/\/mega-stoffel.de\/weblog\/wp-content\/uploads\/2018\/05\/wp-1526973487793..jpg\" width=\"1024\" height=\"583\" srcset=\"https:\/\/mega-stoffel.de\/weblog\/wp-content\/uploads\/2018\/05\/wp-1526973487793..jpg 1024w, https:\/\/mega-stoffel.de\/weblog\/wp-content\/uploads\/2018\/05\/wp-1526973487793.-300x171.jpg 300w, https:\/\/mega-stoffel.de\/weblog\/wp-content\/uploads\/2018\/05\/wp-1526973487793.-768x437.jpg 768w, https:\/\/mega-stoffel.de\/weblog\/wp-content\/uploads\/2018\/05\/wp-1526973487793.-624x355.jpg 624w\" sizes=\"auto, (max-width: 1024px) 100vw, 1024px\" \/><br \/>\nAls der Regen aufh\u00f6rt, mache ich mich auf nach Garmisch-Patenkirchen. Dabei komme ich an einem kilometerlangen Stau vorbei. Ich denke mir, dass es wohl am Reiseverkehr liegt, es ist aber nur ein Unfall. Ich gebe ein bisschen mehr Gas, um an den fast stehenden Autos auch ordentlich auf dem Radweg vorbeibrausen zu k\u00f6nnen. Nicht ohne ein schadenfrohes L\u00e4cheln im Gesicht, w\u00e4hrend ich in die genervten Gesichter der Autofahrer und deren Mitfahrer schaue.<br \/>\n<img loading=\"lazy\" decoding=\"async\" class=\"alignnone wp-image-9631 size-full\" src=\"https:\/\/mega-stoffel.de\/weblog\/wp-content\/uploads\/2018\/05\/wp-1526973487824..jpg\" width=\"1024\" height=\"534\" srcset=\"https:\/\/mega-stoffel.de\/weblog\/wp-content\/uploads\/2018\/05\/wp-1526973487824..jpg 1024w, https:\/\/mega-stoffel.de\/weblog\/wp-content\/uploads\/2018\/05\/wp-1526973487824.-300x156.jpg 300w, https:\/\/mega-stoffel.de\/weblog\/wp-content\/uploads\/2018\/05\/wp-1526973487824.-768x401.jpg 768w, https:\/\/mega-stoffel.de\/weblog\/wp-content\/uploads\/2018\/05\/wp-1526973487824.-624x325.jpg 624w\" sizes=\"auto, (max-width: 1024px) 100vw, 1024px\" \/><br \/>\nIn Garmisch-Patenkirchen komme ich an einer Schule vorbei, an dessen Zaun jede Menge vollgekritzelter Bettlaken h\u00e4ngen, auf denen die ganze Gro\u00dffamilie den AbiturientInnen Gl\u00fcck w\u00fcnscht. Wann hat den der Quatsch angefangen?<img loading=\"lazy\" decoding=\"async\" class=\"alignnone size-full wp-image-9630\" src=\"https:\/\/mega-stoffel.de\/weblog\/wp-content\/uploads\/2018\/05\/wp-1526973487860..jpg\" width=\"1024\" height=\"350\" srcset=\"https:\/\/mega-stoffel.de\/weblog\/wp-content\/uploads\/2018\/05\/wp-1526973487860..jpg 1024w, https:\/\/mega-stoffel.de\/weblog\/wp-content\/uploads\/2018\/05\/wp-1526973487860.-300x103.jpg 300w, https:\/\/mega-stoffel.de\/weblog\/wp-content\/uploads\/2018\/05\/wp-1526973487860.-768x263.jpg 768w, https:\/\/mega-stoffel.de\/weblog\/wp-content\/uploads\/2018\/05\/wp-1526973487860.-624x213.jpg 624w\" sizes=\"auto, (max-width: 1024px) 100vw, 1024px\" \/><\/p>\n","protected":false},"excerpt":{"rendered":"<p>jeden Morgen das selbe: das Wetter sieht nicht so schlecht aus. Franz, den ich gestern getroffen habe, radelt von Rom aus nach Hause. Er hat eine etwas andere Herangehensweise an das \u00dcbernachtungs-Thema: er fragte in Sterzing ein bisschen rum und hat f\u00fcr 80\u20ac ein Doppelzimmer ergattern k\u00f6nnen. Da ich mal wieder nicht wei\u00df, wo ich [&hellip;]<\/p>\n","protected":false},"author":1,"featured_media":0,"comment_status":"open","ping_status":"open","sticky":false,"template":"","format":"standard","meta":{"activitypub_content_warning":"","activitypub_content_visibility":"","activitypub_max_image_attachments":4,"activitypub_interaction_policy_quote":"anyone","activitypub_status":"","footnotes":""},"categories":[112,104],"tags":[],"class_list":["post-9633","post","type-post","status-publish","format-standard","hentry","category-oesterreich","category-sabbatical"],"_links":{"self":[{"href":"https:\/\/mega-stoffel.de\/weblog\/wp-json\/wp\/v2\/posts\/9633","targetHints":{"allow":["GET"]}}],"collection":[{"href":"https:\/\/mega-stoffel.de\/weblog\/wp-json\/wp\/v2\/posts"}],"about":[{"href":"https:\/\/mega-stoffel.de\/weblog\/wp-json\/wp\/v2\/types\/post"}],"author":[{"embeddable":true,"href":"https:\/\/mega-stoffel.de\/weblog\/wp-json\/wp\/v2\/users\/1"}],"replies":[{"embeddable":true,"href":"https:\/\/mega-stoffel.de\/weblog\/wp-json\/wp\/v2\/comments?post=9633"}],"version-history":[{"count":3,"href":"https:\/\/mega-stoffel.de\/weblog\/wp-json\/wp\/v2\/posts\/9633\/revisions"}],"predecessor-version":[{"id":9652,"href":"https:\/\/mega-stoffel.de\/weblog\/wp-json\/wp\/v2\/posts\/9633\/revisions\/9652"}],"wp:attachment":[{"href":"https:\/\/mega-stoffel.de\/weblog\/wp-json\/wp\/v2\/media?parent=9633"}],"wp:term":[{"taxonomy":"category","embeddable":true,"href":"https:\/\/mega-stoffel.de\/weblog\/wp-json\/wp\/v2\/categories?post=9633"},{"taxonomy":"post_tag","embeddable":true,"href":"https:\/\/mega-stoffel.de\/weblog\/wp-json\/wp\/v2\/tags?post=9633"}],"curies":[{"name":"wp","href":"https:\/\/api.w.org\/{rel}","templated":true}]}}