{"id":9710,"date":"2018-06-02T14:30:56","date_gmt":"2018-06-02T12:30:56","guid":{"rendered":"https:\/\/mega-stoffel.de\/weblog\/?p=9710"},"modified":"2018-06-11T00:14:51","modified_gmt":"2018-06-10T22:14:51","slug":"frankfurt-o-wannsee","status":"publish","type":"post","link":"https:\/\/mega-stoffel.de\/weblog\/2018\/06\/02\/frankfurt-o-wannsee\/","title":{"rendered":"Frankfurt (O) &#8211; Wannsee"},"content":{"rendered":"<p>achja, genau mein Humor: so ein Kopfsteinpflaster verlegen (das liegt vielleicht auch schon seit dem Mittelalter dort) und sich dann \u00fcber den L\u00e4rm aufregen.<br \/>\nAlso einfach Tempo-30 anordnen und hoffen, dass es dann wenigstens etwas leiser wird.<br \/>\n<img loading=\"lazy\" decoding=\"async\" class=\"alignnone wp-image-9708 size-full\" src=\"https:\/\/mega-stoffel.de\/weblog\/wp-content\/uploads\/2018\/06\/wp-1528223300113..jpg\" width=\"1024\" height=\"810\" srcset=\"https:\/\/mega-stoffel.de\/weblog\/wp-content\/uploads\/2018\/06\/wp-1528223300113..jpg 1024w, https:\/\/mega-stoffel.de\/weblog\/wp-content\/uploads\/2018\/06\/wp-1528223300113.-300x237.jpg 300w, https:\/\/mega-stoffel.de\/weblog\/wp-content\/uploads\/2018\/06\/wp-1528223300113.-768x608.jpg 768w, https:\/\/mega-stoffel.de\/weblog\/wp-content\/uploads\/2018\/06\/wp-1528223300113.-624x494.jpg 624w\" sizes=\"auto, (max-width: 1024px) 100vw, 1024px\" \/><br \/>\nTrotzdem ist es beschissen, auf solchem Kopfsteinpflaster zu fahren. Zumindest empfinde ich das so. Bl\u00f6derweise hat jedes zweite Dorf hier im Osten noch Stra\u00dfen mit solchem Belag (und manche dieser ach-so-tollen Radrouten ebenfalls).<br \/>\nWas hingegen viel besser ist: Tempo-30 anordnen, weil nach der Kurve ein Kindergarten\/Schule kommt. Einfach so, jeden Werktag ist dort tags\u00fcber Tempo-30. In Stuttgart traut sich das niemand. Dort haben sie lediglich mal Tempo-30 auf der Protz-Meile nach 22 Uhr angeordnet, damit die getunten Mist-Karren nicht so laut sind. Hilft nicht viel, weil die Fahrer trotzdem, wie so Hirnamputierte, jetzt eben bis knapp 40 beschleunigen oder halt vor den Blitzern wieder rechtzeitig aufh\u00f6ren.<br \/>\n<img loading=\"lazy\" decoding=\"async\" class=\"alignnone wp-image-9707 size-full\" style=\"font-size: 1rem;\" src=\"https:\/\/mega-stoffel.de\/weblog\/wp-content\/uploads\/2018\/06\/wp-1528223300088..jpg\" width=\"1024\" height=\"871\" srcset=\"https:\/\/mega-stoffel.de\/weblog\/wp-content\/uploads\/2018\/06\/wp-1528223300088..jpg 1024w, https:\/\/mega-stoffel.de\/weblog\/wp-content\/uploads\/2018\/06\/wp-1528223300088.-300x255.jpg 300w, https:\/\/mega-stoffel.de\/weblog\/wp-content\/uploads\/2018\/06\/wp-1528223300088.-768x653.jpg 768w, https:\/\/mega-stoffel.de\/weblog\/wp-content\/uploads\/2018\/06\/wp-1528223300088.-624x531.jpg 624w\" sizes=\"auto, (max-width: 1024px) 100vw, 1024px\" \/><br \/>\n<!--more-->Auch so eine Initiative habe ich in Stuttgart noch nie gesehen. Hier in Brandenburg plakatiert die <a href=\"http:\/\/www.agfk-brandenburg.de\/2018\/06\/04\/agfk-kampagne-zur-verkehrssicherheit-gestartet\/\" target=\"_blank\" rel=\"noopener\">AGFK<\/a> offenbar zwei verschiedene Motive zum Schutz der Radfahrer: eine Erinnerung an den Schulterblick beim Abbiegen und an gen\u00fcgend Abstand beim \u00dcberholen.<br \/>\n<img loading=\"lazy\" decoding=\"async\" class=\"alignnone wp-image-9705 size-full\" src=\"https:\/\/mega-stoffel.de\/weblog\/wp-content\/uploads\/2018\/06\/wp-1528223300009..jpg\" width=\"1024\" height=\"876\" srcset=\"https:\/\/mega-stoffel.de\/weblog\/wp-content\/uploads\/2018\/06\/wp-1528223300009..jpg 1024w, https:\/\/mega-stoffel.de\/weblog\/wp-content\/uploads\/2018\/06\/wp-1528223300009.-300x257.jpg 300w, https:\/\/mega-stoffel.de\/weblog\/wp-content\/uploads\/2018\/06\/wp-1528223300009.-768x657.jpg 768w, https:\/\/mega-stoffel.de\/weblog\/wp-content\/uploads\/2018\/06\/wp-1528223300009.-624x534.jpg 624w\" sizes=\"auto, (max-width: 1024px) 100vw, 1024px\" \/><br \/>\nUnd bei dem Thema Werbung bleibe ich gleich noch. Nach der &#8222;noch zu haben&#8220;-Werbung vor ein paar Tagen sehe ich jetzt so eine Bundeswehr-Werbung. Frauen h\u00e4tten als Chefin das letzte Wort. Sonderbar, dass gerade beim Wort &#8222;Chefin&#8220; ausgerechnet ein Klebefehler passiert ist und das Wort ziemlich verrutscht ist &#8211; in echt sah es noch schlechter aus, als auf diesem kleinen Bild.<br \/>\nF\u00fcr mich gilt ja nur <a href=\"https:\/\/bundeswehr.lol\" target=\"_blank\" rel=\"noopener\">bundeswehr.lol<\/a> &#8211; ein wahrlich sinnvoller Einsatz dieser TopLevelDomain!<br \/>\n<img loading=\"lazy\" decoding=\"async\" class=\"alignnone wp-image-9706 size-full\" style=\"font-size: 1rem;\" src=\"https:\/\/mega-stoffel.de\/weblog\/wp-content\/uploads\/2018\/06\/wp-1528223300039..jpg\" width=\"1024\" height=\"709\" srcset=\"https:\/\/mega-stoffel.de\/weblog\/wp-content\/uploads\/2018\/06\/wp-1528223300039..jpg 1024w, https:\/\/mega-stoffel.de\/weblog\/wp-content\/uploads\/2018\/06\/wp-1528223300039.-300x208.jpg 300w, https:\/\/mega-stoffel.de\/weblog\/wp-content\/uploads\/2018\/06\/wp-1528223300039.-768x532.jpg 768w, https:\/\/mega-stoffel.de\/weblog\/wp-content\/uploads\/2018\/06\/wp-1528223300039.-624x432.jpg 624w\" sizes=\"auto, (max-width: 1024px) 100vw, 1024px\" \/><br \/>\nUnd was mich echt auch noch st\u00f6rt: diese nervigen, benutzungspflichtigen Radwege hier \u00fcberall. Es macht den EIndruck, dass die lokalen Verkehrsplaner um jeden Preis die Devise &#8222;Freie Fahrt f\u00fcr Autos&#8220; umsetzen wollten. Die Radwege sind hier meist gro\u00dfer Mist, voller Baumwurzeln, \u00c4sten (am Boden und auf Kopfh\u00f6he), Schlagl\u00f6chern, etc. Und weil man keine zwei Radwege baute, wurde der eine (viel zu enge) eben auch immer als Zweirichtungsradweg definiert.<br \/>\nEs macht keinen Spa\u00df, darauf zu fahren und ich habe \u00fcber gro\u00dfe Strecken diesen Mist auch ignoriert. Dann musste ich mir nat\u00fcrlich Hupen gefallen lassen und manche Autofahrer br\u00fcllten auch aus ihren Fenstern raus. Dass keiner angehalten hat, um mich &#8222;mal ordentlich zu belehren&#8220; wundert mich immer noch; ein Polizei-Auto habe ich nicht gesehen.<br \/>\n<img loading=\"lazy\" decoding=\"async\" class=\"alignnone wp-image-9704 size-full\" style=\"font-size: 1rem;\" src=\"https:\/\/mega-stoffel.de\/weblog\/wp-content\/uploads\/2018\/06\/wp-1528223300061..jpg\" width=\"1024\" height=\"807\" srcset=\"https:\/\/mega-stoffel.de\/weblog\/wp-content\/uploads\/2018\/06\/wp-1528223300061..jpg 1024w, https:\/\/mega-stoffel.de\/weblog\/wp-content\/uploads\/2018\/06\/wp-1528223300061.-300x236.jpg 300w, https:\/\/mega-stoffel.de\/weblog\/wp-content\/uploads\/2018\/06\/wp-1528223300061.-768x605.jpg 768w, https:\/\/mega-stoffel.de\/weblog\/wp-content\/uploads\/2018\/06\/wp-1528223300061.-624x492.jpg 624w\" sizes=\"auto, (max-width: 1024px) 100vw, 1024px\" \/><br \/>\nEigentlich wollte ich ja in Potsdam bleiben und dann am n\u00e4chsten Tag bei der &#8222;<a href=\"https:\/\/www.frieden-geht.de\" target=\"_blank\" rel=\"noopener\">Frieden geht<\/a>&#8220; Demonstration teilnehmen. Allerdings waren alle Hostels und Jugendherbergen in Potsdam ausgebucht, also machte ich mich weiter auf den Weg nach Wannsee zur n\u00e4chsten Jugendherberge, die noch Betten frei hatte.<br \/>\nAllerdings habe ich es nicht ganz geschafft. Etwa 5km vor dem Ziel kam ein Schauer runter und ich sa\u00df eine halbe Stunde in der Bushaltestelle.<br \/>\n<img loading=\"lazy\" decoding=\"async\" class=\"alignnone size-full wp-image-9703\" style=\"font-size: 1rem;\" src=\"https:\/\/mega-stoffel.de\/weblog\/wp-content\/uploads\/2018\/06\/wp-1528223299931..jpg\" width=\"1024\" height=\"768\" srcset=\"https:\/\/mega-stoffel.de\/weblog\/wp-content\/uploads\/2018\/06\/wp-1528223299931..jpg 1024w, https:\/\/mega-stoffel.de\/weblog\/wp-content\/uploads\/2018\/06\/wp-1528223299931.-300x225.jpg 300w, https:\/\/mega-stoffel.de\/weblog\/wp-content\/uploads\/2018\/06\/wp-1528223299931.-768x576.jpg 768w, https:\/\/mega-stoffel.de\/weblog\/wp-content\/uploads\/2018\/06\/wp-1528223299931.-624x468.jpg 624w\" sizes=\"auto, (max-width: 1024px) 100vw, 1024px\" \/><br \/>\nUnd dann, zwei Kilometer vor dem Ziel ging es richtig ab. Auf der Stra\u00dfe stand 15cm hoch Wasser und die Autos veranstalteten beim Durchfahren ein interessantes Wasserspiel. Es h\u00f6rte nicht auf und eine Stunde sp\u00e4ter entschied ich mich dazu, die Schuhe aus- und die Regenklamotten anzuziehen und die letzten zwei Kilometer doch noch hinter mich zu bringen.<br \/>\n<img loading=\"lazy\" decoding=\"async\" class=\"alignnone wp-image-9702 size-full\" src=\"https:\/\/mega-stoffel.de\/weblog\/wp-content\/uploads\/2018\/06\/wp-1528223299985..jpg\" width=\"1024\" height=\"622\" srcset=\"https:\/\/mega-stoffel.de\/weblog\/wp-content\/uploads\/2018\/06\/wp-1528223299985..jpg 1024w, https:\/\/mega-stoffel.de\/weblog\/wp-content\/uploads\/2018\/06\/wp-1528223299985.-300x182.jpg 300w, https:\/\/mega-stoffel.de\/weblog\/wp-content\/uploads\/2018\/06\/wp-1528223299985.-768x467.jpg 768w, https:\/\/mega-stoffel.de\/weblog\/wp-content\/uploads\/2018\/06\/wp-1528223299985.-624x379.jpg 624w\" sizes=\"auto, (max-width: 1024px) 100vw, 1024px\" \/><br \/>\nAm n\u00e4chsten Tag schaute ich mir nur mal kurz die Autobahn an, auf der ich am Sonntag bei der Sternfahrt fahren werde.<br \/>\n<img loading=\"lazy\" decoding=\"async\" class=\"alignnone size-full wp-image-9709\" src=\"https:\/\/mega-stoffel.de\/weblog\/wp-content\/uploads\/2018\/06\/wp-1528223300139..jpg\" width=\"1024\" height=\"579\" srcset=\"https:\/\/mega-stoffel.de\/weblog\/wp-content\/uploads\/2018\/06\/wp-1528223300139..jpg 1024w, https:\/\/mega-stoffel.de\/weblog\/wp-content\/uploads\/2018\/06\/wp-1528223300139.-300x170.jpg 300w, https:\/\/mega-stoffel.de\/weblog\/wp-content\/uploads\/2018\/06\/wp-1528223300139.-768x434.jpg 768w, https:\/\/mega-stoffel.de\/weblog\/wp-content\/uploads\/2018\/06\/wp-1528223300139.-624x353.jpg 624w\" sizes=\"auto, (max-width: 1024px) 100vw, 1024px\" \/><\/p>\n","protected":false},"excerpt":{"rendered":"<p>achja, genau mein Humor: so ein Kopfsteinpflaster verlegen (das liegt vielleicht auch schon seit dem Mittelalter dort) und sich dann \u00fcber den L\u00e4rm aufregen. Also einfach Tempo-30 anordnen und hoffen, dass es dann wenigstens etwas leiser wird. Trotzdem ist es beschissen, auf solchem Kopfsteinpflaster zu fahren. Zumindest empfinde ich das so. Bl\u00f6derweise hat jedes zweite [&hellip;]<\/p>\n","protected":false},"author":1,"featured_media":0,"comment_status":"open","ping_status":"open","sticky":false,"template":"","format":"standard","meta":{"activitypub_content_warning":"","activitypub_content_visibility":"","activitypub_max_image_attachments":4,"activitypub_interaction_policy_quote":"anyone","activitypub_status":"","footnotes":""},"categories":[104],"tags":[],"class_list":["post-9710","post","type-post","status-publish","format-standard","hentry","category-sabbatical"],"_links":{"self":[{"href":"https:\/\/mega-stoffel.de\/weblog\/wp-json\/wp\/v2\/posts\/9710","targetHints":{"allow":["GET"]}}],"collection":[{"href":"https:\/\/mega-stoffel.de\/weblog\/wp-json\/wp\/v2\/posts"}],"about":[{"href":"https:\/\/mega-stoffel.de\/weblog\/wp-json\/wp\/v2\/types\/post"}],"author":[{"embeddable":true,"href":"https:\/\/mega-stoffel.de\/weblog\/wp-json\/wp\/v2\/users\/1"}],"replies":[{"embeddable":true,"href":"https:\/\/mega-stoffel.de\/weblog\/wp-json\/wp\/v2\/comments?post=9710"}],"version-history":[{"count":2,"href":"https:\/\/mega-stoffel.de\/weblog\/wp-json\/wp\/v2\/posts\/9710\/revisions"}],"predecessor-version":[{"id":9739,"href":"https:\/\/mega-stoffel.de\/weblog\/wp-json\/wp\/v2\/posts\/9710\/revisions\/9739"}],"wp:attachment":[{"href":"https:\/\/mega-stoffel.de\/weblog\/wp-json\/wp\/v2\/media?parent=9710"}],"wp:term":[{"taxonomy":"category","embeddable":true,"href":"https:\/\/mega-stoffel.de\/weblog\/wp-json\/wp\/v2\/categories?post=9710"},{"taxonomy":"post_tag","embeddable":true,"href":"https:\/\/mega-stoffel.de\/weblog\/wp-json\/wp\/v2\/tags?post=9710"}],"curies":[{"name":"wp","href":"https:\/\/api.w.org\/{rel}","templated":true}]}}