{"id":9833,"date":"2018-06-15T21:50:35","date_gmt":"2018-06-15T19:50:35","guid":{"rendered":"https:\/\/mega-stoffel.de\/weblog\/?p=9833"},"modified":"2018-06-26T23:55:22","modified_gmt":"2018-06-26T21:55:22","slug":"witten-koeln","status":"publish","type":"post","link":"https:\/\/mega-stoffel.de\/weblog\/2018\/06\/15\/witten-koeln\/","title":{"rendered":"Witten &#8211; K\u00f6ln"},"content":{"rendered":"<p>in Leer habe ich ja schon so ein \u00e4hnliches Schild gesehen, jedoch nur mit einem Pfeil drauf. Hier sind gleich mal zwei Pfeile. Und ich frage mich: Muss ich jetzt hier abbiegen oder erst in zweihundert Metern? Es sieht ja nicht so aus, als ob da vorne etwas k\u00e4me. W\u00fcrde ich so ein Phantasie-Schild aufh\u00e4ngen, das nicht in der StVO beschrieben ist, bek\u00e4me ich eine Anzeige wegen &#8222;gef\u00e4hrlichem Eingriff in den Stra\u00dfenverkehr&#8220;. Dass es von Fachleuten der Stadt aufgeh\u00e4ngt wird, zeigt nur wieder die vorherrschende Meinung hier in Deutschland: &#8222;Sind ja nur Radfahrer, da braucht man sich doch \u00fcberhaupt gar keine M\u00fche geben und man kann sie mit allen m\u00f6glichen Mitteln drangsalieren.&#8220;<br \/>\nW\u00e4re mal interessant, was wohl passiert, wenn ich so eine Anzeige auf &#8222;gef\u00e4hrlichen Eingriff in den Stra\u00dfenverkehr&#8220; stellte. Dort im Ruhrpott ist es mir &#8211; wie schon in Leer &#8211; ziemlich egal. Mal sehen, ob ich in Stuttgart dann solche Quatsch-Schilder sehe. Wobei die Staatsanwaltschaft dort sowieso jegliche Anzeigen von Radfahrern aufgrund von &#8222;mangelndem \u00f6ffentlichen Interesse&#8220; fallen l\u00e4sst&#8230;.<br \/>\n<img loading=\"lazy\" decoding=\"async\" class=\"alignnone wp-image-9831 size-full\" src=\"https:\/\/mega-stoffel.de\/weblog\/wp-content\/uploads\/2018\/06\/wp-1529131686919..jpg\" width=\"1024\" height=\"881\" srcset=\"https:\/\/mega-stoffel.de\/weblog\/wp-content\/uploads\/2018\/06\/wp-1529131686919..jpg 1024w, https:\/\/mega-stoffel.de\/weblog\/wp-content\/uploads\/2018\/06\/wp-1529131686919.-300x258.jpg 300w, https:\/\/mega-stoffel.de\/weblog\/wp-content\/uploads\/2018\/06\/wp-1529131686919.-768x661.jpg 768w, https:\/\/mega-stoffel.de\/weblog\/wp-content\/uploads\/2018\/06\/wp-1529131686919.-624x537.jpg 624w\" sizes=\"auto, (max-width: 1024px) 100vw, 1024px\" \/><br \/>\nIch war auf jeden Fall in der N\u00e4he des bisher einzigen Radschnellweges RS1, der sogar eine eigene <a href=\"http:\/\/www.rs1.ruhr\/\" target=\"_blank\" rel=\"noopener\">Website<\/a> hat. Wenn ich das richtig verstehe, sind aktuell schon sechs Kilometer fertig, allerdings noch nicht ganz (was auch immer das hei\u00dft). Ich habe ja keine Eile, also nehme ich den kleinen Umweg in Kauf und probiere ihn mal aus. In Stuttgart l\u00e4uft aktuell eine Machbarkeitsstudie f\u00fcr einen Radschnellweg, und bevor sie dort eine bestimmt schlechte L\u00f6sung implementieren, wollte ich doch mal sehen, wie so etwas wo anders in Deutschland aussieht.<br \/>\nDer Anfang ist schon fast vielversprechend, wenn man mal davon absieht, dass es kein Radweg, sondern ein kombinierter Fu\u00df- und Radweg ist. Im weiteren Verlauf wundere ich mich dann \u00fcber ein geschottertes St\u00fcck und hoffe, dass das einfach noch nicht ganz fertig ist. Was mich aber doch am meisten verwirrt: dort sind alle paar Meter Kopfsteinpflaster-Schwellen eingebaut. Keine Ahnung, wer auf diese hirnrissige Idee gekommen ist &#8211; gibt es eine einzige Autobahn in Deutschland, auf der Kopfsteinpflaster-Schwellen sind? Nat\u00fcrlich nicht, weil beim KFZ-Verkehr irgendwie niemand auf so einen Schwachsinn kommen w\u00fcrde, beim Radverkehr scheinen bei manchen Stra\u00dfenplanerInnen durchaus mal die Sicherungen durch zu brennen.<br \/>\n<img loading=\"lazy\" decoding=\"async\" class=\"alignnone size-full wp-image-9828\" src=\"https:\/\/mega-stoffel.de\/weblog\/wp-content\/uploads\/2018\/06\/wp-1529131686878..jpg\" width=\"1024\" height=\"744\" srcset=\"https:\/\/mega-stoffel.de\/weblog\/wp-content\/uploads\/2018\/06\/wp-1529131686878..jpg 1024w, https:\/\/mega-stoffel.de\/weblog\/wp-content\/uploads\/2018\/06\/wp-1529131686878.-300x218.jpg 300w, https:\/\/mega-stoffel.de\/weblog\/wp-content\/uploads\/2018\/06\/wp-1529131686878.-768x558.jpg 768w, https:\/\/mega-stoffel.de\/weblog\/wp-content\/uploads\/2018\/06\/wp-1529131686878.-624x453.jpg 624w\" sizes=\"auto, (max-width: 1024px) 100vw, 1024px\" \/><br \/>\nVielleicht h\u00e4tte ich aber auch einfach nicht nach Holland fahren sollen &#8211; die Erfahrungen auf deren Radwegen werde ich wohl nie mehr vergessen und immer als Ma\u00dfstab f\u00fcr jeglichen Rad-Infrastruktur herziehen. Ich habe einfach keine Bilder mehr von diesem Schnellweg gemacht, aber bei jeder Schwelle, die mich wieder durchgesch\u00fcttelt hat, laut geflucht. Wie kann man so eine Schei\u00dfe produzieren?<br \/>\nUnd wer jetzt ankommt, dass in Deutschland ja &#8222;kein Platz&#8220; sei, dem kann ich sagen, dass in Deutschland 230 Leute \/ m\u00b2 leben, in den Niederlanden fast doppelt so viele, n\u00e4mlich 413 \/ m\u00b2.<\/p>\n<p><!--more-->Hier in Deutschland ist es ja eher so, dass es keine Rad-Infrastruktur gibt. Selbst wenn es mal eine Fahrradstra\u00dfe gibt, ist dort zu 99% immer ein Schild &#8222;KFZ frei&#8220; dran. Und dass man als Radfahrer auch blo\u00df nicht auf die Idee kommt, dass man hier auch nur irgendwelche Sonderrechte h\u00e4tte (obwohl es eigentlich so ist), wird das &#8222;KFZ frei&#8220;-Schild auch genauso gro\u00df gemacht, wie das Fahrradstra\u00dfe-Schild. Priorit\u00e4ten halt&#8230;.<br \/>\n<img loading=\"lazy\" decoding=\"async\" class=\"alignnone size-full wp-image-9832\" src=\"https:\/\/mega-stoffel.de\/weblog\/wp-content\/uploads\/2018\/06\/wp-1529131686942..jpg\" width=\"1024\" height=\"819\" srcset=\"https:\/\/mega-stoffel.de\/weblog\/wp-content\/uploads\/2018\/06\/wp-1529131686942..jpg 1024w, https:\/\/mega-stoffel.de\/weblog\/wp-content\/uploads\/2018\/06\/wp-1529131686942.-300x240.jpg 300w, https:\/\/mega-stoffel.de\/weblog\/wp-content\/uploads\/2018\/06\/wp-1529131686942.-768x614.jpg 768w, https:\/\/mega-stoffel.de\/weblog\/wp-content\/uploads\/2018\/06\/wp-1529131686942.-624x499.jpg 624w\" sizes=\"auto, (max-width: 1024px) 100vw, 1024px\" \/><br \/>\nSonst trifft dieses Bild es ganz gut. Es gibt eine gute Stra\u00dfe, neben dran eine schlechte, schon mehrfach diletantisch geflickte, recht schmale und zugewachsene Spur, auf die sich Radfahrer und Fu\u00dfg\u00e4nger in beide Richtungen dr\u00e4ngen m\u00fcssen. Schnell noch ein Schild &#8222;Sch\u00e4den an Rad- und Gehweg&#8220; aufgestellt und fertig. So einen Mist sieht man so oft in Deutschland &#8211; und die Leute aus dem Verkehrsministerium fahren tats\u00e4chlich auf Konferenzen auf der ganzen Welt und erkl\u00e4ren den Leuten dort, dass es hier alles super ist und wir sogar einen &#8222;<a href=\"https:\/\/de.wikipedia.org\/wiki\/Nationaler_Radverkehrsplan\" target=\"_blank\" rel=\"noopener\">Nationalen Radverkehrsplan<\/a>&#8220; haben. Und ich, als Radreisender aus Deutschland, werde dann in Kanada und Neuseeland st\u00e4ndig beneidet, dass es bei uns doch so toll sei.<br \/>\nIch muss sagen, ich bin 1000x lieber in diesen L\u00e4ndern gefahren, als auf den miserablen Zwangs-Radwegen hier bei uns.<br \/>\n<img loading=\"lazy\" decoding=\"async\" class=\"alignnone wp-image-9829 size-full\" style=\"font-size: 1rem;\" src=\"https:\/\/mega-stoffel.de\/weblog\/wp-content\/uploads\/2018\/06\/wp-1529131686968..jpg\" width=\"1024\" height=\"1024\" srcset=\"https:\/\/mega-stoffel.de\/weblog\/wp-content\/uploads\/2018\/06\/wp-1529131686968..jpg 1024w, https:\/\/mega-stoffel.de\/weblog\/wp-content\/uploads\/2018\/06\/wp-1529131686968.-150x150.jpg 150w, https:\/\/mega-stoffel.de\/weblog\/wp-content\/uploads\/2018\/06\/wp-1529131686968.-300x300.jpg 300w, https:\/\/mega-stoffel.de\/weblog\/wp-content\/uploads\/2018\/06\/wp-1529131686968.-768x768.jpg 768w, https:\/\/mega-stoffel.de\/weblog\/wp-content\/uploads\/2018\/06\/wp-1529131686968.-624x624.jpg 624w\" sizes=\"auto, (max-width: 1024px) 100vw, 1024px\" \/><br \/>\nAuch das ist typisch. Der Radweg h\u00f6rt einfach irgendwo auf und wird dann zum Fu\u00dfweg. Radfahrer k\u00f6nnen sich jetzt einfach in Luft aufl\u00f6sen oder halt einfach schieben. Es ist zum Kotzen und an jeder Baustelle sieht man wieder, dass die sog. &#8222;Profis&#8220; in den Stadtverwaltungen auf RadfahrerInnen einfach schei\u00dfen.<br \/>\n<img loading=\"lazy\" decoding=\"async\" class=\"alignnone wp-image-9830 size-full\" src=\"https:\/\/mega-stoffel.de\/weblog\/wp-content\/uploads\/2018\/06\/wp-1529131686999..jpg\" width=\"1024\" height=\"929\" srcset=\"https:\/\/mega-stoffel.de\/weblog\/wp-content\/uploads\/2018\/06\/wp-1529131686999..jpg 1024w, https:\/\/mega-stoffel.de\/weblog\/wp-content\/uploads\/2018\/06\/wp-1529131686999.-300x272.jpg 300w, https:\/\/mega-stoffel.de\/weblog\/wp-content\/uploads\/2018\/06\/wp-1529131686999.-768x697.jpg 768w, https:\/\/mega-stoffel.de\/weblog\/wp-content\/uploads\/2018\/06\/wp-1529131686999.-624x566.jpg 624w\" sizes=\"auto, (max-width: 1024px) 100vw, 1024px\" \/><\/p>\n","protected":false},"excerpt":{"rendered":"<p>in Leer habe ich ja schon so ein \u00e4hnliches Schild gesehen, jedoch nur mit einem Pfeil drauf. Hier sind gleich mal zwei Pfeile. Und ich frage mich: Muss ich jetzt hier abbiegen oder erst in zweihundert Metern? Es sieht ja nicht so aus, als ob da vorne etwas k\u00e4me. W\u00fcrde ich so ein Phantasie-Schild aufh\u00e4ngen, [&hellip;]<\/p>\n","protected":false},"author":1,"featured_media":0,"comment_status":"open","ping_status":"open","sticky":false,"template":"","format":"standard","meta":{"activitypub_content_warning":"","activitypub_content_visibility":"","activitypub_max_image_attachments":4,"activitypub_interaction_policy_quote":"anyone","activitypub_status":"","footnotes":""},"categories":[104],"tags":[],"class_list":["post-9833","post","type-post","status-publish","format-standard","hentry","category-sabbatical"],"_links":{"self":[{"href":"https:\/\/mega-stoffel.de\/weblog\/wp-json\/wp\/v2\/posts\/9833","targetHints":{"allow":["GET"]}}],"collection":[{"href":"https:\/\/mega-stoffel.de\/weblog\/wp-json\/wp\/v2\/posts"}],"about":[{"href":"https:\/\/mega-stoffel.de\/weblog\/wp-json\/wp\/v2\/types\/post"}],"author":[{"embeddable":true,"href":"https:\/\/mega-stoffel.de\/weblog\/wp-json\/wp\/v2\/users\/1"}],"replies":[{"embeddable":true,"href":"https:\/\/mega-stoffel.de\/weblog\/wp-json\/wp\/v2\/comments?post=9833"}],"version-history":[{"count":2,"href":"https:\/\/mega-stoffel.de\/weblog\/wp-json\/wp\/v2\/posts\/9833\/revisions"}],"predecessor-version":[{"id":9863,"href":"https:\/\/mega-stoffel.de\/weblog\/wp-json\/wp\/v2\/posts\/9833\/revisions\/9863"}],"wp:attachment":[{"href":"https:\/\/mega-stoffel.de\/weblog\/wp-json\/wp\/v2\/media?parent=9833"}],"wp:term":[{"taxonomy":"category","embeddable":true,"href":"https:\/\/mega-stoffel.de\/weblog\/wp-json\/wp\/v2\/categories?post=9833"},{"taxonomy":"post_tag","embeddable":true,"href":"https:\/\/mega-stoffel.de\/weblog\/wp-json\/wp\/v2\/tags?post=9833"}],"curies":[{"name":"wp","href":"https:\/\/api.w.org\/{rel}","templated":true}]}}