{"id":9881,"date":"2018-06-20T19:50:23","date_gmt":"2018-06-20T17:50:23","guid":{"rendered":"https:\/\/mega-stoffel.de\/weblog\/?p=9881"},"modified":"2018-08-14T00:08:07","modified_gmt":"2018-08-13T22:08:07","slug":"mannheim-stuttgart","status":"publish","type":"post","link":"https:\/\/mega-stoffel.de\/weblog\/2018\/06\/20\/mannheim-stuttgart\/","title":{"rendered":"Mannheim &#8211; Stuttgart"},"content":{"rendered":"<p>so eine Mist-Strecke! Aus Mannheim raus dachte ich, dass ich den gr\u00fcn\/wei\u00dfen Radrouten-Schildern folgen k\u00f6nnte. Das war nat\u00fcrlich eine ziemlich schlechte Entscheidung &#8211; wie ich es inzwischen ja schon wissen m\u00fcsste. Und um Mannheim und die anderen St\u00e4dte hier waren einige Stra\u00dfen f\u00fcr den Radverkehr gesperrt und keine vern\u00fcnftigen Umleitungen ausgeschildert. Das ist echt eine Katastrophe! Vor lauter \u00c4rger \u00fcber die Strecke habe ich gar keine Bilder gemacht, daf\u00fcr halt hier die Relive-Aufzeichnung, auf der man ganz gut noch die ganzen Weinberge sehen kann, \u00fcber die ich dr\u00fcber musste.<\/p>\n<blockquote class=\"embedly-card\" data-card-controls=\"0\" data-card-key=\"f1631a41cb254ca5b035dc5747a5bd75\">\n<h4><a href=\"https:\/\/www.relive.cc\/view\/1653553116?r=embed-site\">Relive &#8218;Mannheim &#8211; Remseck&#8216;<\/a><\/h4>\n<\/blockquote>\n<p><script async src=\"\/\/cdn.embedly.com\/widgets\/platform.js\" charset=\"UTF-8\"><\/script><br \/>\nIch habe es noch halbwegs rechtzeitig geschafft, auf der Abteilungs-Sommerfeier anzukommen und musste dort erstmal drei Liter trinken, um meinen Fl\u00fcssigkeitshaushalt auszugleichen; meine Trinkflasche war schon recht fr\u00fch leer und irgendwie gab es einfach keine gute Gelegenheit mehr, sie wieder aufzuf\u00fcllen. Allerdings hatte ich auch nicht soviel Zeit, auf dem Sommerfest zu bleiben, weil abends noch die Mitglieder-Versammlung im Kulturzentrum Merlin war, auf der ich mich gerne in den Vorstand h\u00e4tte w\u00e4hlen lassen. Irgendwie wurde die Vorstandswahl aber dann doch abgesagt, bzw. in den Herbst verschoben.<\/p>\n<p>Aber als ich dieses Schild gesehen habe, wusste ich, dass ich wieder zuhause im Fahrrad-unfreundlichen Stuttgart bin: <em>Schiebestrecke<\/em>. :-\/<br \/>\n<img loading=\"lazy\" decoding=\"async\" class=\"alignnone size-full wp-image-9882\" src=\"https:\/\/mega-stoffel.de\/weblog\/wp-content\/uploads\/2018\/08\/wp-1534197894820..jpg\" alt=\"\" width=\"1024\" height=\"806\" srcset=\"https:\/\/mega-stoffel.de\/weblog\/wp-content\/uploads\/2018\/08\/wp-1534197894820..jpg 1024w, https:\/\/mega-stoffel.de\/weblog\/wp-content\/uploads\/2018\/08\/wp-1534197894820.-300x236.jpg 300w, https:\/\/mega-stoffel.de\/weblog\/wp-content\/uploads\/2018\/08\/wp-1534197894820.-768x605.jpg 768w, https:\/\/mega-stoffel.de\/weblog\/wp-content\/uploads\/2018\/08\/wp-1534197894820.-624x491.jpg 624w\" sizes=\"auto, (max-width: 1024px) 100vw, 1024px\" \/><\/p>\n<blockquote class=\"embedly-card\" data-card-controls=\"0\" data-card-key=\"f1631a41cb254ca5b035dc5747a5bd75\">\n<h4><a href=\"https:\/\/www.relive.cc\/view\/1653563791?r=embed-site\">Relive &#8218;Remseck &#8211; Stuttgart-West&#8216;<\/a><\/h4>\n<\/blockquote>\n<p><script async src=\"\/\/cdn.embedly.com\/widgets\/platform.js\" charset=\"UTF-8\"><\/script><\/p>\n","protected":false},"excerpt":{"rendered":"<p>so eine Mist-Strecke! Aus Mannheim raus dachte ich, dass ich den gr\u00fcn\/wei\u00dfen Radrouten-Schildern folgen k\u00f6nnte. Das war nat\u00fcrlich eine ziemlich schlechte Entscheidung &#8211; wie ich es inzwischen ja schon wissen m\u00fcsste. Und um Mannheim und die anderen St\u00e4dte hier waren einige Stra\u00dfen f\u00fcr den Radverkehr gesperrt und keine vern\u00fcnftigen Umleitungen ausgeschildert. Das ist echt eine [&hellip;]<\/p>\n","protected":false},"author":1,"featured_media":0,"comment_status":"open","ping_status":"open","sticky":false,"template":"","format":"standard","meta":{"activitypub_content_warning":"","activitypub_content_visibility":"","activitypub_max_image_attachments":4,"activitypub_interaction_policy_quote":"anyone","activitypub_status":"","footnotes":""},"categories":[104],"tags":[],"class_list":["post-9881","post","type-post","status-publish","format-standard","hentry","category-sabbatical"],"_links":{"self":[{"href":"https:\/\/mega-stoffel.de\/weblog\/wp-json\/wp\/v2\/posts\/9881","targetHints":{"allow":["GET"]}}],"collection":[{"href":"https:\/\/mega-stoffel.de\/weblog\/wp-json\/wp\/v2\/posts"}],"about":[{"href":"https:\/\/mega-stoffel.de\/weblog\/wp-json\/wp\/v2\/types\/post"}],"author":[{"embeddable":true,"href":"https:\/\/mega-stoffel.de\/weblog\/wp-json\/wp\/v2\/users\/1"}],"replies":[{"embeddable":true,"href":"https:\/\/mega-stoffel.de\/weblog\/wp-json\/wp\/v2\/comments?post=9881"}],"version-history":[{"count":1,"href":"https:\/\/mega-stoffel.de\/weblog\/wp-json\/wp\/v2\/posts\/9881\/revisions"}],"predecessor-version":[{"id":9883,"href":"https:\/\/mega-stoffel.de\/weblog\/wp-json\/wp\/v2\/posts\/9881\/revisions\/9883"}],"wp:attachment":[{"href":"https:\/\/mega-stoffel.de\/weblog\/wp-json\/wp\/v2\/media?parent=9881"}],"wp:term":[{"taxonomy":"category","embeddable":true,"href":"https:\/\/mega-stoffel.de\/weblog\/wp-json\/wp\/v2\/categories?post=9881"},{"taxonomy":"post_tag","embeddable":true,"href":"https:\/\/mega-stoffel.de\/weblog\/wp-json\/wp\/v2\/tags?post=9881"}],"curies":[{"name":"wp","href":"https:\/\/api.w.org\/{rel}","templated":true}]}}